{"id":9142,"count":1,"description":"","link":"https:\/\/universidadedacapoeira.com\/index.php\/tag\/terco-dos-homens-em-familia-ministro-extraordinario-da-sagrada-comunhao-eduardo-boscaro-yung\/","name":"Ter\u00e7o dos Homens em Fam\u00edlia: Ministro Extraordin\u00e1rio da Sagrada Comunh\u00e3o Eduardo Boscaro Yung","slug":"terco-dos-homens-em-familia-ministro-extraordinario-da-sagrada-comunhao-eduardo-boscaro-yung","taxonomy":"post_tag","meta":[],"_links":{"self":[{"href":"https:\/\/universidadedacapoeira.com\/index.php\/wp-json\/wp\/v2\/tags\/9142","targetHints":{"allow":["GET"]}}],"collection":[{"href":"https:\/\/universidadedacapoeira.com\/index.php\/wp-json\/wp\/v2\/tags"}],"about":[{"href":"https:\/\/universidadedacapoeira.com\/index.php\/wp-json\/wp\/v2\/taxonomies\/post_tag"}],"wp:post_type":[{"href":"https:\/\/universidadedacapoeira.com\/index.php\/wp-json\/wp\/v2\/posts?tags=9142"}],"curies":[{"name":"wp","href":"https:\/\/api.w.org\/{rel}","templated":true}]}}