{"id":8250,"count":1,"description":"","link":"https:\/\/universidadedacapoeira.com\/index.php\/tag\/ministras-extraordinarias-da-sagrada-comunhao-ana-maria-e-claudia-cristina-lessa-duarte\/","name":"Ministras Extraordin\u00e1rias da Sagrada Comunh\u00e3o Ana Maria e Cl\u00e1udia Cristina Lessa Duarte","slug":"ministras-extraordinarias-da-sagrada-comunhao-ana-maria-e-claudia-cristina-lessa-duarte","taxonomy":"post_tag","meta":[],"_links":{"self":[{"href":"https:\/\/universidadedacapoeira.com\/index.php\/wp-json\/wp\/v2\/tags\/8250","targetHints":{"allow":["GET"]}}],"collection":[{"href":"https:\/\/universidadedacapoeira.com\/index.php\/wp-json\/wp\/v2\/tags"}],"about":[{"href":"https:\/\/universidadedacapoeira.com\/index.php\/wp-json\/wp\/v2\/taxonomies\/post_tag"}],"wp:post_type":[{"href":"https:\/\/universidadedacapoeira.com\/index.php\/wp-json\/wp\/v2\/posts?tags=8250"}],"curies":[{"name":"wp","href":"https:\/\/api.w.org\/{rel}","templated":true}]}}