{"id":7988,"count":1,"description":"","link":"https:\/\/universidadedacapoeira.com\/index.php\/tag\/salmo-ministrs-extraordinaris-da-sagrada-comunhao-ana-valerio\/","name":"Salmo Ministr@s Extraordin\u00e1ri@s da Sagrada Comunh\u00e3o Ana Val\u00e9rio","slug":"salmo-ministrs-extraordinaris-da-sagrada-comunhao-ana-valerio","taxonomy":"post_tag","meta":[],"_links":{"self":[{"href":"https:\/\/universidadedacapoeira.com\/index.php\/wp-json\/wp\/v2\/tags\/7988","targetHints":{"allow":["GET"]}}],"collection":[{"href":"https:\/\/universidadedacapoeira.com\/index.php\/wp-json\/wp\/v2\/tags"}],"about":[{"href":"https:\/\/universidadedacapoeira.com\/index.php\/wp-json\/wp\/v2\/taxonomies\/post_tag"}],"wp:post_type":[{"href":"https:\/\/universidadedacapoeira.com\/index.php\/wp-json\/wp\/v2\/posts?tags=7988"}],"curies":[{"name":"wp","href":"https:\/\/api.w.org\/{rel}","templated":true}]}}