{"id":7904,"count":1,"description":"","link":"https:\/\/universidadedacapoeira.com\/index.php\/tag\/ministra-extraordinario-da-sagrada-comunhao-maria-ines\/","name":"Ministra Extraordin\u00e1rio da Sagrada Comunh\u00e3o Maria In\u00eas","slug":"ministra-extraordinario-da-sagrada-comunhao-maria-ines","taxonomy":"post_tag","meta":[],"_links":{"self":[{"href":"https:\/\/universidadedacapoeira.com\/index.php\/wp-json\/wp\/v2\/tags\/7904","targetHints":{"allow":["GET"]}}],"collection":[{"href":"https:\/\/universidadedacapoeira.com\/index.php\/wp-json\/wp\/v2\/tags"}],"about":[{"href":"https:\/\/universidadedacapoeira.com\/index.php\/wp-json\/wp\/v2\/taxonomies\/post_tag"}],"wp:post_type":[{"href":"https:\/\/universidadedacapoeira.com\/index.php\/wp-json\/wp\/v2\/posts?tags=7904"}],"curies":[{"name":"wp","href":"https:\/\/api.w.org\/{rel}","templated":true}]}}