{"id":7536,"count":1,"description":"","link":"https:\/\/universidadedacapoeira.com\/index.php\/tag\/tecnico-de-audio-jeder-producao-fotos-e-arte-final-abelardo-barbosa\/","name":"T\u00e9cnico de \u00c1udio Jeder - Produ\u00e7\u00e3o Fotos e Arte Final Abelardo Barbosa","slug":"tecnico-de-audio-jeder-producao-fotos-e-arte-final-abelardo-barbosa","taxonomy":"post_tag","meta":[],"_links":{"self":[{"href":"https:\/\/universidadedacapoeira.com\/index.php\/wp-json\/wp\/v2\/tags\/7536","targetHints":{"allow":["GET"]}}],"collection":[{"href":"https:\/\/universidadedacapoeira.com\/index.php\/wp-json\/wp\/v2\/tags"}],"about":[{"href":"https:\/\/universidadedacapoeira.com\/index.php\/wp-json\/wp\/v2\/taxonomies\/post_tag"}],"wp:post_type":[{"href":"https:\/\/universidadedacapoeira.com\/index.php\/wp-json\/wp\/v2\/posts?tags=7536"}],"curies":[{"name":"wp","href":"https:\/\/api.w.org\/{rel}","templated":true}]}}