{"id":7535,"count":1,"description":"","link":"https:\/\/universidadedacapoeira.com\/index.php\/tag\/mestrs-polemico-boca-senzala-humberto-barbosa-de-sousa-cabeca-cabeleira-sandrinha-cesar-sardinha-raquel-tiu-e-preto\/","name":"Mestr@s Pol\u00eamico - Boca Senzala - Humberto Barbosa de Sousa - Cabe\u00e7a - Cabeleira - Sandrinha - C\u00e9sar - Sardinha - Raquel - Ti\u00fa e Preto","slug":"mestrs-polemico-boca-senzala-humberto-barbosa-de-sousa-cabeca-cabeleira-sandrinha-cesar-sardinha-raquel-tiu-e-preto","taxonomy":"post_tag","meta":[],"_links":{"self":[{"href":"https:\/\/universidadedacapoeira.com\/index.php\/wp-json\/wp\/v2\/tags\/7535","targetHints":{"allow":["GET"]}}],"collection":[{"href":"https:\/\/universidadedacapoeira.com\/index.php\/wp-json\/wp\/v2\/tags"}],"about":[{"href":"https:\/\/universidadedacapoeira.com\/index.php\/wp-json\/wp\/v2\/taxonomies\/post_tag"}],"wp:post_type":[{"href":"https:\/\/universidadedacapoeira.com\/index.php\/wp-json\/wp\/v2\/posts?tags=7535"}],"curies":[{"name":"wp","href":"https:\/\/api.w.org\/{rel}","templated":true}]}}