{"id":7397,"count":1,"description":"","link":"https:\/\/universidadedacapoeira.com\/index.php\/tag\/ministra-extraordinaria-da-sagrada-comunhao-claudia-cristina-lessa-duarte-e-moreco\/","name":"Ministra Extraordin\u00e1ria da Sagrada Comunh\u00e3o Cl\u00e1udia Cristina Lessa Duarte e Moreco","slug":"ministra-extraordinaria-da-sagrada-comunhao-claudia-cristina-lessa-duarte-e-moreco","taxonomy":"post_tag","meta":[],"_links":{"self":[{"href":"https:\/\/universidadedacapoeira.com\/index.php\/wp-json\/wp\/v2\/tags\/7397","targetHints":{"allow":["GET"]}}],"collection":[{"href":"https:\/\/universidadedacapoeira.com\/index.php\/wp-json\/wp\/v2\/tags"}],"about":[{"href":"https:\/\/universidadedacapoeira.com\/index.php\/wp-json\/wp\/v2\/taxonomies\/post_tag"}],"wp:post_type":[{"href":"https:\/\/universidadedacapoeira.com\/index.php\/wp-json\/wp\/v2\/posts?tags=7397"}],"curies":[{"name":"wp","href":"https:\/\/api.w.org\/{rel}","templated":true}]}}