{"id":7380,"count":1,"description":"","link":"https:\/\/universidadedacapoeira.com\/index.php\/tag\/ministrs-extraordinaris-da-sagrada-comunhao-rogerio-e-maria-angelica-a-de-moraes-tavares\/","name":"Ministr@s Extraordin\u00e1ri@s da Sagrada Comunh\u00e3o Rog\u00e9rio e Maria Ang\u00e9lica A. de Moraes Tavares","slug":"ministrs-extraordinaris-da-sagrada-comunhao-rogerio-e-maria-angelica-a-de-moraes-tavares","taxonomy":"post_tag","meta":[],"_links":{"self":[{"href":"https:\/\/universidadedacapoeira.com\/index.php\/wp-json\/wp\/v2\/tags\/7380","targetHints":{"allow":["GET"]}}],"collection":[{"href":"https:\/\/universidadedacapoeira.com\/index.php\/wp-json\/wp\/v2\/tags"}],"about":[{"href":"https:\/\/universidadedacapoeira.com\/index.php\/wp-json\/wp\/v2\/taxonomies\/post_tag"}],"wp:post_type":[{"href":"https:\/\/universidadedacapoeira.com\/index.php\/wp-json\/wp\/v2\/posts?tags=7380"}],"curies":[{"name":"wp","href":"https:\/\/api.w.org\/{rel}","templated":true}]}}