{"id":7259,"count":1,"description":"","link":"https:\/\/universidadedacapoeira.com\/index.php\/tag\/recepcao-contramestre-flexa-renato-pereira-goncalvez-abrindo-trabalhos\/","name":"Recep\u00e7\u00e3o Contramestre Flexa - Renato Pereira Gon\u00e7alvez - Abrindo Trabalhos","slug":"recepcao-contramestre-flexa-renato-pereira-goncalvez-abrindo-trabalhos","taxonomy":"post_tag","meta":[],"_links":{"self":[{"href":"https:\/\/universidadedacapoeira.com\/index.php\/wp-json\/wp\/v2\/tags\/7259","targetHints":{"allow":["GET"]}}],"collection":[{"href":"https:\/\/universidadedacapoeira.com\/index.php\/wp-json\/wp\/v2\/tags"}],"about":[{"href":"https:\/\/universidadedacapoeira.com\/index.php\/wp-json\/wp\/v2\/taxonomies\/post_tag"}],"wp:post_type":[{"href":"https:\/\/universidadedacapoeira.com\/index.php\/wp-json\/wp\/v2\/posts?tags=7259"}],"curies":[{"name":"wp","href":"https:\/\/api.w.org\/{rel}","templated":true}]}}