{"id":6872,"count":1,"description":"","link":"https:\/\/universidadedacapoeira.com\/index.php\/tag\/ministrs-extraordinaris-da-sagrada-comunhao-angelica-a-de-moraes-e-ronaldo-tavares\/","name":"Ministr@s Extraordin\u00e1ri@s da Sagrada Comunh\u00e3o Ang\u00e9lica A. de Moraes e Ronaldo Tavares","slug":"ministrs-extraordinaris-da-sagrada-comunhao-angelica-a-de-moraes-e-ronaldo-tavares","taxonomy":"post_tag","meta":[],"_links":{"self":[{"href":"https:\/\/universidadedacapoeira.com\/index.php\/wp-json\/wp\/v2\/tags\/6872","targetHints":{"allow":["GET"]}}],"collection":[{"href":"https:\/\/universidadedacapoeira.com\/index.php\/wp-json\/wp\/v2\/tags"}],"about":[{"href":"https:\/\/universidadedacapoeira.com\/index.php\/wp-json\/wp\/v2\/taxonomies\/post_tag"}],"wp:post_type":[{"href":"https:\/\/universidadedacapoeira.com\/index.php\/wp-json\/wp\/v2\/posts?tags=6872"}],"curies":[{"name":"wp","href":"https:\/\/api.w.org\/{rel}","templated":true}]}}