{"id":6710,"count":1,"description":"","link":"https:\/\/universidadedacapoeira.com\/index.php\/tag\/ministrs-extraordinaris-da-sagrada-comunhao-amaro-azevedo-e-claudia-cristina-lessa-duarte\/","name":"Ministr@s Extraordin\u00e1ri@s da Sagrada Comunh\u00e3o Amaro Azevedo e Cl\u00e1udia Cristina Lessa Duarte","slug":"ministrs-extraordinaris-da-sagrada-comunhao-amaro-azevedo-e-claudia-cristina-lessa-duarte","taxonomy":"post_tag","meta":[],"_links":{"self":[{"href":"https:\/\/universidadedacapoeira.com\/index.php\/wp-json\/wp\/v2\/tags\/6710","targetHints":{"allow":["GET"]}}],"collection":[{"href":"https:\/\/universidadedacapoeira.com\/index.php\/wp-json\/wp\/v2\/tags"}],"about":[{"href":"https:\/\/universidadedacapoeira.com\/index.php\/wp-json\/wp\/v2\/taxonomies\/post_tag"}],"wp:post_type":[{"href":"https:\/\/universidadedacapoeira.com\/index.php\/wp-json\/wp\/v2\/posts?tags=6710"}],"curies":[{"name":"wp","href":"https:\/\/api.w.org\/{rel}","templated":true}]}}