{"id":6358,"count":1,"description":"","link":"https:\/\/universidadedacapoeira.com\/index.php\/tag\/ministras-extraordinarias-da-sagrada-comunhao-aparecida-alves-pereira-bul-la-e-maria-angelica-a-de-moraes-tavares\/","name":"Ministras Extraordin\u00e1rias da Sagrada Comunh\u00e3o Aparecida Alves Pereira Bul-la e Maria Ang\u00e9lica A. de Moraes Tavares","slug":"ministras-extraordinarias-da-sagrada-comunhao-aparecida-alves-pereira-bul-la-e-maria-angelica-a-de-moraes-tavares","taxonomy":"post_tag","meta":[],"_links":{"self":[{"href":"https:\/\/universidadedacapoeira.com\/index.php\/wp-json\/wp\/v2\/tags\/6358","targetHints":{"allow":["GET"]}}],"collection":[{"href":"https:\/\/universidadedacapoeira.com\/index.php\/wp-json\/wp\/v2\/tags"}],"about":[{"href":"https:\/\/universidadedacapoeira.com\/index.php\/wp-json\/wp\/v2\/taxonomies\/post_tag"}],"wp:post_type":[{"href":"https:\/\/universidadedacapoeira.com\/index.php\/wp-json\/wp\/v2\/posts?tags=6358"}],"curies":[{"name":"wp","href":"https:\/\/api.w.org\/{rel}","templated":true}]}}