{"id":6357,"count":1,"description":"","link":"https:\/\/universidadedacapoeira.com\/index.php\/tag\/celebracao-eucaristica-decimo-dia-da-trezena-a-nossa-senhora-de-fatima\/","name":"Celebra\u00e7\u00e3o Eucar\u00edstica - D\u00e9cimo Dia da Trezena a Nossa Senhora de F\u00e1tima","slug":"celebracao-eucaristica-decimo-dia-da-trezena-a-nossa-senhora-de-fatima","taxonomy":"post_tag","meta":[],"_links":{"self":[{"href":"https:\/\/universidadedacapoeira.com\/index.php\/wp-json\/wp\/v2\/tags\/6357","targetHints":{"allow":["GET"]}}],"collection":[{"href":"https:\/\/universidadedacapoeira.com\/index.php\/wp-json\/wp\/v2\/tags"}],"about":[{"href":"https:\/\/universidadedacapoeira.com\/index.php\/wp-json\/wp\/v2\/taxonomies\/post_tag"}],"wp:post_type":[{"href":"https:\/\/universidadedacapoeira.com\/index.php\/wp-json\/wp\/v2\/posts?tags=6357"}],"curies":[{"name":"wp","href":"https:\/\/api.w.org\/{rel}","templated":true}]}}