{"id":5851,"count":1,"description":"","link":"https:\/\/universidadedacapoeira.com\/index.php\/tag\/padre-joao-francisco-batista-dasilva-diacono-marcio-rosa-dos-santos\/","name":"Padre Jo\u00e3o Francisco Batista daSilva. Di\u00e1cono M\u00e1rcio Rosa dos Santos","slug":"padre-joao-francisco-batista-dasilva-diacono-marcio-rosa-dos-santos","taxonomy":"post_tag","meta":[],"_links":{"self":[{"href":"https:\/\/universidadedacapoeira.com\/index.php\/wp-json\/wp\/v2\/tags\/5851","targetHints":{"allow":["GET"]}}],"collection":[{"href":"https:\/\/universidadedacapoeira.com\/index.php\/wp-json\/wp\/v2\/tags"}],"about":[{"href":"https:\/\/universidadedacapoeira.com\/index.php\/wp-json\/wp\/v2\/taxonomies\/post_tag"}],"wp:post_type":[{"href":"https:\/\/universidadedacapoeira.com\/index.php\/wp-json\/wp\/v2\/posts?tags=5851"}],"curies":[{"name":"wp","href":"https:\/\/api.w.org\/{rel}","templated":true}]}}