{"id":4640,"count":1,"description":"","link":"https:\/\/universidadedacapoeira.com\/index.php\/tag\/celebracao-da-palavra-e-terco-dos-homens-em-familia\/","name":"Celebra\u00e7\u00e3o da Palavra e Ter\u00e7o dos Homens em Fam\u00edlia","slug":"celebracao-da-palavra-e-terco-dos-homens-em-familia","taxonomy":"post_tag","meta":[],"_links":{"self":[{"href":"https:\/\/universidadedacapoeira.com\/index.php\/wp-json\/wp\/v2\/tags\/4640","targetHints":{"allow":["GET"]}}],"collection":[{"href":"https:\/\/universidadedacapoeira.com\/index.php\/wp-json\/wp\/v2\/tags"}],"about":[{"href":"https:\/\/universidadedacapoeira.com\/index.php\/wp-json\/wp\/v2\/taxonomies\/post_tag"}],"wp:post_type":[{"href":"https:\/\/universidadedacapoeira.com\/index.php\/wp-json\/wp\/v2\/posts?tags=4640"}],"curies":[{"name":"wp","href":"https:\/\/api.w.org\/{rel}","templated":true}]}}