{"id":2824,"count":1,"description":"","link":"https:\/\/universidadedacapoeira.com\/index.php\/tag\/edicao-de-imagens-rogerio-andretto-e-sandro-perosa\/","name":"Edi\u00e7\u00e3o de Imagens - Rog\u00e9rio Andretto e Sandro Perosa","slug":"edicao-de-imagens-rogerio-andretto-e-sandro-perosa","taxonomy":"post_tag","meta":[],"_links":{"self":[{"href":"https:\/\/universidadedacapoeira.com\/index.php\/wp-json\/wp\/v2\/tags\/2824","targetHints":{"allow":["GET"]}}],"collection":[{"href":"https:\/\/universidadedacapoeira.com\/index.php\/wp-json\/wp\/v2\/tags"}],"about":[{"href":"https:\/\/universidadedacapoeira.com\/index.php\/wp-json\/wp\/v2\/taxonomies\/post_tag"}],"wp:post_type":[{"href":"https:\/\/universidadedacapoeira.com\/index.php\/wp-json\/wp\/v2\/posts?tags=2824"}],"curies":[{"name":"wp","href":"https:\/\/api.w.org\/{rel}","templated":true}]}}