{"id":9986,"date":"2025-03-02T18:51:23","date_gmt":"2025-03-02T21:51:23","guid":{"rendered":"http:\/\/universidadedacapoeira.com\/?p=9986"},"modified":"2025-03-02T18:51:23","modified_gmt":"2025-03-02T21:51:23","slug":"missa-padre-luiz-carlos-vitorio-ministra-maria-angelica-acolhimento-rosenei-primeira-leitura-graca-salmo-26-o-senhor-e-minha-luz-e-salvacao-mestre-polemico-preces-da-comunidade-heloiza-igre","status":"publish","type":"post","link":"https:\/\/universidadedacapoeira.com\/index.php\/2025\/03\/02\/missa-padre-luiz-carlos-vitorio-ministra-maria-angelica-acolhimento-rosenei-primeira-leitura-graca-salmo-26-o-senhor-e-minha-luz-e-salvacao-mestre-polemico-preces-da-comunidade-heloiza-igre\/","title":{"rendered":"Missa. Padre Luiz Carlos Vit\u00f3rio. Ministra Maria Ang\u00e9lica. Acolhimento Rosenei. Primeira Leitura Gra\u00e7a. Salmo 26 &#8211; O Senhor \u00e9 Minha Luz e Salva\u00e7\u00e3o &#8211; Mestre Pol\u00eamico. Preces da Comunidade Heloiza. Igreja Nossa Senhora M\u00e3e de Deus, Juiz de Fora, MG, Brasil. IMG_0463. 4,55 GB. 15h00. 6a. 07Fev25."},"content":{"rendered":"\n<figure class=\"wp-block-embed is-type-video is-provider-youtube wp-block-embed-youtube wp-embed-aspect-16-9 wp-has-aspect-ratio\"><div class=\"wp-block-embed__wrapper\">\n<iframe loading=\"lazy\" title=\"Missa - Padre Luiz Carlos Vit\u00f3rio. Igreja Nossa Senhora M\u00e3e de Deus, Brasil. IMG_0463. 5 GB. 07Fev25\" width=\"500\" height=\"281\" src=\"https:\/\/www.youtube.com\/embed\/ubCV2XTegcE?feature=oembed\" frameborder=\"0\" allow=\"accelerometer; autoplay; clipboard-write; encrypted-media; gyroscope; picture-in-picture; web-share\" referrerpolicy=\"strict-origin-when-cross-origin\" allowfullscreen><\/iframe>\n<\/div><\/figure>\n","protected":false},"excerpt":{"rendered":"<p>Celebra\u00e7\u00e3o Eucar\u00edstica. Padre Luiz Carlos Vit\u00f3rio. Ministra Extraordin\u00e1ria da Sagrada Comunh\u00e3o Maria Ang\u00e9lica A. de Moraes Tavares. Acolhimento Rosenei Freitas Ferreira Fonseca. Primeira Leitura Gra\u00e7a. Salmo 26 &#8211; O Senhor \u00e9 Minha Luz e Salva\u00e7\u00e3o &#8211; Mestre Pol\u00eamico. Preces da Comunidade Heloiza Helena Ribeiro Corr\u00eaa. Igreja Nossa Senhora M\u00e3e de Deus, Bairro Nossa Senhora de Lourdes, Juiz de Fora, Minas Gerais\/MG, Brasil. Registro de Capoeira Mestre Pol\u00eamico &#8211; Professor Doutor Jo\u00e3o Couto Teixeira. IMG_0463. 4,55 GB. 15h00. Sexta-feira, 07 de Fevereiro de 2025. HD 1080p. QT Movie.<\/p>\n<p>Universidade Livre de Estudos Culturais da Capoeira &#8211; Universidade da Capoeira &#8211; UNICAPOEIRA, Instituto de Educa\u00e7\u00e3o Socioambiental &#8211; IESAMBI, Associa\u00e7\u00e3o de Capoeira &#8211; ASCA e Grupo de Capoeira MEIA LUA &#8211; Fundado Ter\u00e7a-feira, 29 de Maio de 1962.<\/p>\n<p>https:\/\/universidadedacapoeira.com\/<br \/>\nSeja membro deste canal e ganhe benef\u00edcios:<br \/>\nhttps:\/\/www.youtube.com\/channel\/UCE6HrA5Y_VZ4-hgw8FG13aw\/join<br \/>\nPIX &#8211; polemico72@hotmail.com<\/p>\n","protected":false},"author":2,"featured_media":9987,"comment_status":"open","ping_status":"open","sticky":false,"template":"","format":"video","meta":{"footnotes":""},"categories":[4674],"tags":[9256,2605,4431,6114,8813,7728,9259,236,5871,8171,9257,9258,7948,8743,6483,411],"class_list":["post-9986","post","type-post","status-publish","format-video","has-post-thumbnail","hentry","category-celebracao-eucaristica","tag-acolhimento-rosenei-freitas-ferreira-fonseca","tag-associacao-de-capoeira-asca","tag-celebracao-eucaristica-padre-luiz-carlos-vitorio","tag-grupo-de-capoeira-meia-lua-fundado-terca-feira-29-de-maio-de-1962","tag-http-universidadedacapoeira-com","tag-igreja-nossa-senhora-mae-de-deus-bairro-nossa-senhora-de-lourdes-juiz-de-fora-minas-gerais-mg-brasil","tag-img_0463-4-55-gb-15h00-sexta-feira-07-de-fevereiro-de-2025","tag-instituto-de-educacao-socioambiental-iesambi","tag-ministra-extraordinaria-da-sagrada-comunhao-maria-angelica-a-de-moraes-tavares","tag-pix-polemico72hotmail-com","tag-preces-da-comunidade-heloiza-helena-ribeiro-correa","tag-primeira-leitura-graca","tag-registro-de-capoeira-mestre-polemico-professor-doutor-joao-couto-teixeira","tag-salmo-26-o-senhor-e-minha-luz-e-salvacao-mestre-polemico","tag-seja-membro-deste-canal-e-ganhe-beneficios-https-www-youtube-com-channel-uce6hra5y_vz4-hgw8fg13aw-join","tag-universidade-livre-de-estudos-culturais-da-capoeira-universidade-da-capoeira-unicapoeira","post_format-post-format-video"],"_links":{"self":[{"href":"https:\/\/universidadedacapoeira.com\/index.php\/wp-json\/wp\/v2\/posts\/9986","targetHints":{"allow":["GET"]}}],"collection":[{"href":"https:\/\/universidadedacapoeira.com\/index.php\/wp-json\/wp\/v2\/posts"}],"about":[{"href":"https:\/\/universidadedacapoeira.com\/index.php\/wp-json\/wp\/v2\/types\/post"}],"author":[{"embeddable":true,"href":"https:\/\/universidadedacapoeira.com\/index.php\/wp-json\/wp\/v2\/users\/2"}],"replies":[{"embeddable":true,"href":"https:\/\/universidadedacapoeira.com\/index.php\/wp-json\/wp\/v2\/comments?post=9986"}],"version-history":[{"count":1,"href":"https:\/\/universidadedacapoeira.com\/index.php\/wp-json\/wp\/v2\/posts\/9986\/revisions"}],"predecessor-version":[{"id":9988,"href":"https:\/\/universidadedacapoeira.com\/index.php\/wp-json\/wp\/v2\/posts\/9986\/revisions\/9988"}],"wp:featuredmedia":[{"embeddable":true,"href":"https:\/\/universidadedacapoeira.com\/index.php\/wp-json\/wp\/v2\/media\/9987"}],"wp:attachment":[{"href":"https:\/\/universidadedacapoeira.com\/index.php\/wp-json\/wp\/v2\/media?parent=9986"}],"wp:term":[{"taxonomy":"category","embeddable":true,"href":"https:\/\/universidadedacapoeira.com\/index.php\/wp-json\/wp\/v2\/categories?post=9986"},{"taxonomy":"post_tag","embeddable":true,"href":"https:\/\/universidadedacapoeira.com\/index.php\/wp-json\/wp\/v2\/tags?post=9986"}],"curies":[{"name":"wp","href":"https:\/\/api.w.org\/{rel}","templated":true}]}}