{"id":9803,"date":"2025-01-11T12:45:01","date_gmt":"2025-01-11T15:45:01","guid":{"rendered":"http:\/\/universidadedacapoeira.com\/?p=9803"},"modified":"2025-01-11T12:45:02","modified_gmt":"2025-01-11T15:45:02","slug":"primeira-navegada-em-defesa-do-lago-paranoa-aula-sem-teto-em-escola-flutuante-projeto-margem-capoeira-mestres-polemico-mandingueiro-euro-candida-adonias-murilo-jamir-governador-rollemberg-c","status":"publish","type":"post","link":"https:\/\/universidadedacapoeira.com\/index.php\/2025\/01\/11\/primeira-navegada-em-defesa-do-lago-paranoa-aula-sem-teto-em-escola-flutuante-projeto-margem-capoeira-mestres-polemico-mandingueiro-euro-candida-adonias-murilo-jamir-governador-rollemberg-c\/","title":{"rendered":"Primeira Navegada em Defesa do Lago Parano\u00e1. Aula Sem Teto em Escola Flutuante: Projeto Margem. Capoeira Mestres Pol\u00eamico, Mandingueiro, Euro, C\u00e2ndida, Adonias, Murilo, Jamir, Governador Rollemberg, Comodoro \u00cannius Muniz e Vitor de Vico. CEMSL, Bras\u00edlia, DF, Brasil. 2.46 GB. 6a. 10Out97."},"content":{"rendered":"\n<figure class=\"wp-block-embed is-type-video is-provider-youtube wp-block-embed-youtube wp-embed-aspect-16-9 wp-has-aspect-ratio\"><div class=\"wp-block-embed__wrapper\">\n<iframe loading=\"lazy\" title=\"I Navegada em Defesa do Lago Parano\u00e1 - Projeto Margem. CEMSL, Bras\u00edlia, DF, Brasil. 2,46 GB. 10Out97\" width=\"500\" height=\"281\" src=\"https:\/\/www.youtube.com\/embed\/nR41eWMv8nY?feature=oembed\" frameborder=\"0\" allow=\"accelerometer; autoplay; clipboard-write; encrypted-media; gyroscope; picture-in-picture; web-share\" referrerpolicy=\"strict-origin-when-cross-origin\" allowfullscreen><\/iframe>\n<\/div><\/figure>\n","protected":false},"excerpt":{"rendered":"<p>Primeira Navegada em Defesa do Lago Parano\u00e1. Aula Sem Teto em Escola Flutuante: Projeto Margem. Capoeira Mestres Pol\u00eamico &#8211; Professor Doutor Jo\u00e3o Couto Teixeira, Mandingueiro &#8211; Professor Doutor Peter Faluhelyi, Euro, C\u00e2ndida, Adonias Maloso, Murilo Lobo, Jamir Batista Silva, Governador Rodrigo Sobral Rollemberg, Comodoro do Iate Clube \u00cannius Muniz e Vitor de Vico. Divulgar A\u00e7\u00f5es em Defesa do Lago Parano\u00e1 \u00e9 Incentivar as pessoas a se Comprometerem com a Preserva\u00e7\u00e3o deste Importante Recurso de Nossa Cidade. Centro de Ensino M\u00e9dio Setor Leste &#8211; CEMSL, Bras\u00edlia, Distrito Federal\/DF, Brasil. Registro de Euro. 2,46 GB. Sexta-feira, 10 de Outubro de 1997. HD 1080p. MOV.<\/p>\n<p>Universidade Livre de Estudos Culturais da Capoeira &#8211; Universidade da Capoeira &#8211; UNICAPOEIRA, Instituto de Educa\u00e7\u00e3o Socioambiental &#8211; IESAMBI, Associa\u00e7\u00e3o de Capoeira &#8211; ASCA e Grupo de Capoeira MEIA LUA &#8211; Fundado Ter\u00e7a-feira, 29 de Maio de 1962. Orquestra Harm\u00f4nica de Berimbaus.<\/p>\n<p>https:\/\/universidadedacapoeira.com\/<br \/>\nSeja membro deste canal e ganhe benef\u00edcios:<br \/>\nhttps:\/\/www.youtube.com\/channel\/UCE6HrA5Y_VZ4-hgw8FG13aw\/join<br \/>\nPIX &#8211; polemico72@hotmail.com<\/p>\n","protected":false},"author":2,"featured_media":9804,"comment_status":"open","ping_status":"open","sticky":false,"template":"","format":"video","meta":{"footnotes":""},"categories":[4734],"tags":[9073,3995,2605,4061,8793,9064,8647,4105,4107,2811,2702,6114,8813,236,4010,3996,247,8171,9072,3332,6483,411,4007],"class_list":["post-9803","post","type-post","status-publish","format-video","has-post-thumbnail","hentry","category-projeto-margem","tag-2-46-gb-sexta-feira-10-de-outubro-de-1997","tag-adonias-maloso","tag-associacao-de-capoeira-asca","tag-candida","tag-capoeira-mestre-mandingueiro-professor-doutor-peter-faluhelyi","tag-capoeira-mestre-polemico-professor-doutor-joao-couto-teixeira","tag-centro-de-ensino-medio-setor-leste-cemsl-brasilia-distrito-federal-df-brasil","tag-comodoro-do-iate-clube-ennius-muniz-2","tag-divulgar-acoes-em-defesa-do-lago-paranoa-e-incentivar-as-pessoas-a-se-comprometerem-com-a-preservacao-deste-importante-recurso-de-nossa-cidade","tag-euro","tag-governador-rodrigo-sobral-rollemberg","tag-grupo-de-capoeira-meia-lua-fundado-terca-feira-29-de-maio-de-1962","tag-http-universidadedacapoeira-com","tag-instituto-de-educacao-socioambiental-iesambi","tag-jamir-batista-silva","tag-murilo-lobo","tag-orquestra-harmonica-de-berimbaus","tag-pix-polemico72hotmail-com","tag-primeira-navegada-em-defesa-do-lago-paranoa-aula-sem-teto-em-escola-flutuante-projeto-margem","tag-registro-de-euro","tag-seja-membro-deste-canal-e-ganhe-beneficios-https-www-youtube-com-channel-uce6hra5y_vz4-hgw8fg13aw-join","tag-universidade-livre-de-estudos-culturais-da-capoeira-universidade-da-capoeira-unicapoeira","tag-vitor-de-vico","post_format-post-format-video"],"_links":{"self":[{"href":"https:\/\/universidadedacapoeira.com\/index.php\/wp-json\/wp\/v2\/posts\/9803","targetHints":{"allow":["GET"]}}],"collection":[{"href":"https:\/\/universidadedacapoeira.com\/index.php\/wp-json\/wp\/v2\/posts"}],"about":[{"href":"https:\/\/universidadedacapoeira.com\/index.php\/wp-json\/wp\/v2\/types\/post"}],"author":[{"embeddable":true,"href":"https:\/\/universidadedacapoeira.com\/index.php\/wp-json\/wp\/v2\/users\/2"}],"replies":[{"embeddable":true,"href":"https:\/\/universidadedacapoeira.com\/index.php\/wp-json\/wp\/v2\/comments?post=9803"}],"version-history":[{"count":1,"href":"https:\/\/universidadedacapoeira.com\/index.php\/wp-json\/wp\/v2\/posts\/9803\/revisions"}],"predecessor-version":[{"id":9805,"href":"https:\/\/universidadedacapoeira.com\/index.php\/wp-json\/wp\/v2\/posts\/9803\/revisions\/9805"}],"wp:featuredmedia":[{"embeddable":true,"href":"https:\/\/universidadedacapoeira.com\/index.php\/wp-json\/wp\/v2\/media\/9804"}],"wp:attachment":[{"href":"https:\/\/universidadedacapoeira.com\/index.php\/wp-json\/wp\/v2\/media?parent=9803"}],"wp:term":[{"taxonomy":"category","embeddable":true,"href":"https:\/\/universidadedacapoeira.com\/index.php\/wp-json\/wp\/v2\/categories?post=9803"},{"taxonomy":"post_tag","embeddable":true,"href":"https:\/\/universidadedacapoeira.com\/index.php\/wp-json\/wp\/v2\/tags?post=9803"}],"curies":[{"name":"wp","href":"https:\/\/api.w.org\/{rel}","templated":true}]}}