{"id":9481,"date":"2024-11-18T11:43:14","date_gmt":"2024-11-18T14:43:14","guid":{"rendered":"http:\/\/universidadedacapoeira.com\/?p=9481"},"modified":"2024-11-18T11:43:31","modified_gmt":"2024-11-18T14:43:31","slug":"9481","status":"publish","type":"post","link":"https:\/\/universidadedacapoeira.com\/index.php\/2024\/11\/18\/9481\/","title":{"rendered":"Ilha das Flores: Porto Alegre, Rio Grande do Sul, Brasil. 1,07 GB. 1989."},"content":{"rendered":"\n<figure class=\"wp-block-embed is-type-video is-provider-youtube wp-block-embed-youtube wp-embed-aspect-16-9 wp-has-aspect-ratio\"><div class=\"wp-block-embed__wrapper\">\n<iframe loading=\"lazy\" title=\"Ilha das Flores: Melhor Filme, Montagem, Roteiro. Festival de Gramado. Porto Alegre\/RS, Brasil. 1989\" width=\"500\" height=\"281\" src=\"https:\/\/www.youtube.com\/embed\/baiQ82apWe0?feature=oembed\" frameborder=\"0\" allow=\"accelerometer; autoplay; clipboard-write; encrypted-media; gyroscope; picture-in-picture; web-share\" referrerpolicy=\"strict-origin-when-cross-origin\" allowfullscreen><\/iframe>\n<\/div><\/figure>\n","protected":false},"excerpt":{"rendered":"<p>Ilha das Flores: Melhor Filme, Montagem e Roteiro no Festival de Gramado. Sagres Home V\u00eddeo, Casa de Cinema de Porto Alegre, Rio Grande do Sul\/RS, Brasil. Registro de Capoeira Mestre Pol\u00eamico &#8211; Professor Doutor Jo\u00e3o Couto Teixeira. 1,07 GB. 1989. HD 1080p. MOV.<\/p>\n<p>Universidade Livre de Estudos Culturais da Capoeira &#8211; Universidade da Capoeira &#8211; UNICAPOEIRA, Instituto de Educa\u00e7\u00e3o Socioambiental &#8211; IESAMBI, Associa\u00e7\u00e3o de Capoeira &#8211; ASCA e Grupo de Capoeira MEIA LUA &#8211; Fundado Ter\u00e7a-feira, 29 de Maio de 1962.<\/p>\n<p>Seja membr@ deste canal e ganhe benef\u00edcios:<br \/>\nhttps:\/\/www.youtube.com\/channel\/UCE6HrA5Y_VZ4-hgw8FG13aw\/join<br \/>\nPIX &#8211; polemico72@hotmail.com<\/p>\n","protected":false},"author":2,"featured_media":9482,"comment_status":"open","ping_status":"open","sticky":false,"template":"","format":"video","meta":{"footnotes":""},"categories":[4738],"tags":[8639,2605,6114,8637,236,8171,7948,8638,8636,411],"class_list":["post-9481","post","type-post","status-publish","format-video","has-post-thumbnail","hentry","category-iesambi","tag-1-07-gb-1989","tag-associacao-de-capoeira-asca","tag-grupo-de-capoeira-meia-lua-fundado-terca-feira-29-de-maio-de-1962","tag-ilha-das-flores-melhor-filme-montagem-e-roteiro-no-festival-de-gramado","tag-instituto-de-educacao-socioambiental-iesambi","tag-pix-polemico72hotmail-com","tag-registro-de-capoeira-mestre-polemico-professor-doutor-joao-couto-teixeira","tag-sagres-home-video-casa-de-cinema-de-porto-alegre-rio-grande-do-sul-rs-brasil","tag-seja-membr-deste-canal-e-ganhe-beneficios-https-www-youtube-com-channel-uce6hra5y_vz4-hgw8fg13aw-join","tag-universidade-livre-de-estudos-culturais-da-capoeira-universidade-da-capoeira-unicapoeira","post_format-post-format-video"],"_links":{"self":[{"href":"https:\/\/universidadedacapoeira.com\/index.php\/wp-json\/wp\/v2\/posts\/9481","targetHints":{"allow":["GET"]}}],"collection":[{"href":"https:\/\/universidadedacapoeira.com\/index.php\/wp-json\/wp\/v2\/posts"}],"about":[{"href":"https:\/\/universidadedacapoeira.com\/index.php\/wp-json\/wp\/v2\/types\/post"}],"author":[{"embeddable":true,"href":"https:\/\/universidadedacapoeira.com\/index.php\/wp-json\/wp\/v2\/users\/2"}],"replies":[{"embeddable":true,"href":"https:\/\/universidadedacapoeira.com\/index.php\/wp-json\/wp\/v2\/comments?post=9481"}],"version-history":[{"count":2,"href":"https:\/\/universidadedacapoeira.com\/index.php\/wp-json\/wp\/v2\/posts\/9481\/revisions"}],"predecessor-version":[{"id":9484,"href":"https:\/\/universidadedacapoeira.com\/index.php\/wp-json\/wp\/v2\/posts\/9481\/revisions\/9484"}],"wp:featuredmedia":[{"embeddable":true,"href":"https:\/\/universidadedacapoeira.com\/index.php\/wp-json\/wp\/v2\/media\/9482"}],"wp:attachment":[{"href":"https:\/\/universidadedacapoeira.com\/index.php\/wp-json\/wp\/v2\/media?parent=9481"}],"wp:term":[{"taxonomy":"category","embeddable":true,"href":"https:\/\/universidadedacapoeira.com\/index.php\/wp-json\/wp\/v2\/categories?post=9481"},{"taxonomy":"post_tag","embeddable":true,"href":"https:\/\/universidadedacapoeira.com\/index.php\/wp-json\/wp\/v2\/tags?post=9481"}],"curies":[{"name":"wp","href":"https:\/\/api.w.org\/{rel}","templated":true}]}}