{"id":9475,"date":"2024-11-08T09:58:07","date_gmt":"2024-11-08T12:58:07","guid":{"rendered":"http:\/\/universidadedacapoeira.com\/?p=9475"},"modified":"2024-11-08T09:58:08","modified_gmt":"2024-11-08T12:58:08","slug":"som-com-estevao-teixeira-flauta-violao-kepha-flauta-tikvah-violao-mestre-polemico-pandeiro-nenem-laura-tiguera-49-juiz-de-fora-img_0154-461-gb-17h23-03nov24","status":"publish","type":"post","link":"https:\/\/universidadedacapoeira.com\/index.php\/2024\/11\/08\/som-com-estevao-teixeira-flauta-violao-kepha-flauta-tikvah-violao-mestre-polemico-pandeiro-nenem-laura-tiguera-49-juiz-de-fora-img_0154-461-gb-17h23-03nov24\/","title":{"rendered":"Som com Est\u00eav\u00e3o Teixeira &#8211; Flauta\/Viol\u00e3o, Kepha &#8211; Flauta, Tikvah &#8211; Viol\u00e3o, Mestre Pol\u00eamico &#8211; Pandeiro, Nen\u00e9m, Laura. Tig\u00fc\u00e9ra 49, Juiz de Fora. IMG_0154. 4,61 GB. 17h23. 03Nov24."},"content":{"rendered":"\n<figure class=\"wp-block-embed is-type-video is-provider-youtube wp-block-embed-youtube wp-embed-aspect-16-9 wp-has-aspect-ratio\"><div class=\"wp-block-embed__wrapper\">\n<iframe loading=\"lazy\" title=\"Kepha - Flauta, L\u00fa - Viol\u00e3o, Mestre Pol\u00eamico - Pandeiro e Est\u00eav\u00e3o - Flauta. IMG_0154 - 5GB - 03Nov23\" width=\"500\" height=\"281\" src=\"https:\/\/www.youtube.com\/embed\/VJ3SsiLY2i4?feature=oembed\" frameborder=\"0\" allow=\"accelerometer; autoplay; clipboard-write; encrypted-media; gyroscope; picture-in-picture; web-share\" referrerpolicy=\"strict-origin-when-cross-origin\" allowfullscreen><\/iframe>\n<\/div><\/figure>\n","protected":false},"excerpt":{"rendered":"<p>Som com Est\u00eav\u00e3o Couto Teixeira &#8211; Flauta\/Viol\u00e3o, Kepha &#8211; Philippe Joseph Bard Fouillat &#8211; Flauta, Tikvah Temimah &#8211; Marial\u00fa &#8211; Viol\u00e3o, Mestre Pol\u00eamico &#8211; Pandeiro, Nen\u00e9m &#8211; Ana Maria Couto Teixeira, Laura Maria Moraes Teixeiral. Tig\u00fc\u00e9ra 49, Juiz de Fora, Minas Gerais\/MG, Brasil. Registro de Capoeira Mestre Pol\u00eamico &#8211; Professor Doutor Jo\u00e3o Couto Teixeira. IMG_0154. 4,61 GB. 17h23. Domingo, 03 de Novembro de 2024. HD 1080p. <\/p>\n<p>Universidade Livre de Estudos Culturais da Capoeira &#8211; Universidade da Capoeira &#8211; UNICAPOEIRA, Instituto de Educa\u00e7\u00e3o Socioambiental &#8211; IESAMBI, Associa\u00e7\u00e3o de Capoeira &#8211; ASCA e Grupo de Capoeira MEIA LUA &#8211; Fundado Ter\u00e7a-feira, 29 de Maio de 1962.<\/p>\n<p>Seja membro deste canal e ganhe benef\u00edcios:<br \/>\nhttps:\/\/www.youtube.com\/channel\/UCE6HrA5Y_VZ4-hgw8FG13aw\/join<br \/>\nPIX &#8211; polemico72@hotmail.com<\/p>\n","protected":false},"author":2,"featured_media":9476,"comment_status":"open","ping_status":"open","sticky":false,"template":"","format":"video","meta":{"footnotes":""},"categories":[4741],"tags":[2605,6114,8630,236,8626,2879,8628,284,8171,7948,6483,8629,8631,8627,411],"class_list":["post-9475","post","type-post","status-publish","format-video","has-post-thumbnail","hentry","category-familia","tag-associacao-de-capoeira-asca","tag-grupo-de-capoeira-meia-lua-fundado-terca-feira-29-de-maio-de-1962","tag-img_0154-4-61-gb-17h23-domingo-03-de-novembro-de-2024","tag-instituto-de-educacao-socioambiental-iesambi","tag-kepha-philippe-joseph-bard-fouillat-flauta","tag-laura-maria-moraes-teixeira","tag-mestre-polemico-pandeiro","tag-nenem-ana-maria-couto-teixeira","tag-pix-polemico72hotmail-com","tag-registro-de-capoeira-mestre-polemico-professor-doutor-joao-couto-teixeira","tag-seja-membro-deste-canal-e-ganhe-beneficios-https-www-youtube-com-channel-uce6hra5y_vz4-hgw8fg13aw-join","tag-som-com-estevao-couto-teixeira-flauta-violao","tag-tiguera-49-juiz-de-fora-minas-gerais-mg-brasil","tag-tikvah-temimah-marialu-violao","tag-universidade-livre-de-estudos-culturais-da-capoeira-universidade-da-capoeira-unicapoeira","post_format-post-format-video"],"_links":{"self":[{"href":"https:\/\/universidadedacapoeira.com\/index.php\/wp-json\/wp\/v2\/posts\/9475","targetHints":{"allow":["GET"]}}],"collection":[{"href":"https:\/\/universidadedacapoeira.com\/index.php\/wp-json\/wp\/v2\/posts"}],"about":[{"href":"https:\/\/universidadedacapoeira.com\/index.php\/wp-json\/wp\/v2\/types\/post"}],"author":[{"embeddable":true,"href":"https:\/\/universidadedacapoeira.com\/index.php\/wp-json\/wp\/v2\/users\/2"}],"replies":[{"embeddable":true,"href":"https:\/\/universidadedacapoeira.com\/index.php\/wp-json\/wp\/v2\/comments?post=9475"}],"version-history":[{"count":1,"href":"https:\/\/universidadedacapoeira.com\/index.php\/wp-json\/wp\/v2\/posts\/9475\/revisions"}],"predecessor-version":[{"id":9477,"href":"https:\/\/universidadedacapoeira.com\/index.php\/wp-json\/wp\/v2\/posts\/9475\/revisions\/9477"}],"wp:featuredmedia":[{"embeddable":true,"href":"https:\/\/universidadedacapoeira.com\/index.php\/wp-json\/wp\/v2\/media\/9476"}],"wp:attachment":[{"href":"https:\/\/universidadedacapoeira.com\/index.php\/wp-json\/wp\/v2\/media?parent=9475"}],"wp:term":[{"taxonomy":"category","embeddable":true,"href":"https:\/\/universidadedacapoeira.com\/index.php\/wp-json\/wp\/v2\/categories?post=9475"},{"taxonomy":"post_tag","embeddable":true,"href":"https:\/\/universidadedacapoeira.com\/index.php\/wp-json\/wp\/v2\/tags?post=9475"}],"curies":[{"name":"wp","href":"https:\/\/api.w.org\/{rel}","templated":true}]}}