{"id":9443,"date":"2024-10-29T07:46:21","date_gmt":"2024-10-29T10:46:21","guid":{"rendered":"http:\/\/universidadedacapoeira.com\/?p=9443"},"modified":"2024-10-29T07:46:21","modified_gmt":"2024-10-29T10:46:21","slug":"apostols-da-oracao-reuniao-de-coordenadors-diacono-agilmar-batista-da-silva-santuario-do-sagrado-coracao-de-jesus-juiz-de-fora-img_7274-1333-gb-13h07-26out24","status":"publish","type":"post","link":"https:\/\/universidadedacapoeira.com\/index.php\/2024\/10\/29\/apostols-da-oracao-reuniao-de-coordenadors-diacono-agilmar-batista-da-silva-santuario-do-sagrado-coracao-de-jesus-juiz-de-fora-img_7274-1333-gb-13h07-26out24\/","title":{"rendered":"Ap\u00f3stol@s da Ora\u00e7\u00e3o: Reuni\u00e3o de Coordenador@s. Di\u00e1cono Agilmar Batista da Silva. Santu\u00e1rio do Sagrado Cora\u00e7\u00e3o de Jesus, Juiz de Fora. IMG_7274. 13,33 GB. 13h07. 26Out24."},"content":{"rendered":"\n<figure class=\"wp-block-embed is-type-video is-provider-youtube wp-block-embed-youtube wp-embed-aspect-16-9 wp-has-aspect-ratio\"><div class=\"wp-block-embed__wrapper\">\n<iframe loading=\"lazy\" title=\"Ap\u00f3stol@s da Ora\u00e7\u00e3o: Reuni\u00e3o de Coordenador@s. Santu\u00e1rio do Sagrado Cora\u00e7\u00e3o. IMG_7274\/13 GB. 26Out24\" width=\"500\" height=\"281\" src=\"https:\/\/www.youtube.com\/embed\/UTpTBTAbMwk?feature=oembed\" frameborder=\"0\" allow=\"accelerometer; autoplay; clipboard-write; encrypted-media; gyroscope; picture-in-picture; web-share\" referrerpolicy=\"strict-origin-when-cross-origin\" allowfullscreen><\/iframe>\n<\/div><\/figure>\n","protected":false},"excerpt":{"rendered":"<p>Ap\u00f3stol@s da Ora\u00e7\u00e3o: Reuni\u00e3o de Coordenador@s. Participa\u00e7\u00e3o do Di\u00e1cono Agilmar Batista da Silva. Santu\u00e1rio do Sagrado Cora\u00e7\u00e3o de Jesus, Rua Alberto Vieira Lima, N\u00famero 50, CEP 36.050-070, Bairro Bairu, Juiz de Fora, Minas Gerais\/MG, Brasil. Registro de Capoeira Mestre Pol\u00eamico &#8211; Professor Jo\u00e3o Couto Teixeira. IMG_7274. 13,33 GB. 13h07. S\u00e1bado, 26 de Outubro de 2024. HD 1080p.<\/p>\n<p>Universidade Livre de Estudos Culturais da Capoeira &#8211; Universidade da Capoeira &#8211; UNICAPOEIRA, Instituto de Educa\u00e7\u00e3o Socioambiental &#8211; IESAMBI, Associa\u00e7\u00e3o de Capoeira &#8211; ASCA e Grupo de Capoeira MEIA LUA &#8211; Fundado Ter\u00e7a-feira, 29 de Maio de 1962.<\/p>\n<p>Seja membro deste canal e ganhe benef\u00edcios:<br \/>\nhttps:\/\/www.youtube.com\/channel\/UCE6HrA5Y_VZ4-hgw8FG13aw\/join<br \/>\nPIX &#8211; polemico72@hotmail.com<\/p>\n","protected":false},"author":2,"featured_media":9444,"comment_status":"open","ping_status":"open","sticky":false,"template":"","format":"video","meta":{"footnotes":""},"categories":[4673],"tags":[8597,2605,6114,8599,236,8596,8171,519,8598,6483,411],"class_list":["post-9443","post","type-post","status-publish","format-video","has-post-thumbnail","hentry","category-apostolado-da-oracao","tag-apostols-da-oracao-reuniao-de-coordenadors","tag-associacao-de-capoeira-asca","tag-grupo-de-capoeira-meia-lua-fundado-terca-feira-29-de-maio-de-1962","tag-img_7274-13-33-gb-13h07-sabado-26-de-outubro-de-2024","tag-instituto-de-educacao-socioambiental-iesambi","tag-participacao-do-diacono-agilmar-batista-da-silva","tag-pix-polemico72hotmail-com","tag-registro-de-capoeira-mestre-polemico-professor-joao-couto-teixeira","tag-santuario-do-sagrado-coracao-de-jesus-rua-alberto-vieira-lima-numero-50-cep-36-050-070-bairro-bairu-juiz-de-fora-minas-gerais-mg-brasil","tag-seja-membro-deste-canal-e-ganhe-beneficios-https-www-youtube-com-channel-uce6hra5y_vz4-hgw8fg13aw-join","tag-universidade-livre-de-estudos-culturais-da-capoeira-universidade-da-capoeira-unicapoeira","post_format-post-format-video"],"_links":{"self":[{"href":"https:\/\/universidadedacapoeira.com\/index.php\/wp-json\/wp\/v2\/posts\/9443","targetHints":{"allow":["GET"]}}],"collection":[{"href":"https:\/\/universidadedacapoeira.com\/index.php\/wp-json\/wp\/v2\/posts"}],"about":[{"href":"https:\/\/universidadedacapoeira.com\/index.php\/wp-json\/wp\/v2\/types\/post"}],"author":[{"embeddable":true,"href":"https:\/\/universidadedacapoeira.com\/index.php\/wp-json\/wp\/v2\/users\/2"}],"replies":[{"embeddable":true,"href":"https:\/\/universidadedacapoeira.com\/index.php\/wp-json\/wp\/v2\/comments?post=9443"}],"version-history":[{"count":1,"href":"https:\/\/universidadedacapoeira.com\/index.php\/wp-json\/wp\/v2\/posts\/9443\/revisions"}],"predecessor-version":[{"id":9445,"href":"https:\/\/universidadedacapoeira.com\/index.php\/wp-json\/wp\/v2\/posts\/9443\/revisions\/9445"}],"wp:featuredmedia":[{"embeddable":true,"href":"https:\/\/universidadedacapoeira.com\/index.php\/wp-json\/wp\/v2\/media\/9444"}],"wp:attachment":[{"href":"https:\/\/universidadedacapoeira.com\/index.php\/wp-json\/wp\/v2\/media?parent=9443"}],"wp:term":[{"taxonomy":"category","embeddable":true,"href":"https:\/\/universidadedacapoeira.com\/index.php\/wp-json\/wp\/v2\/categories?post=9443"},{"taxonomy":"post_tag","embeddable":true,"href":"https:\/\/universidadedacapoeira.com\/index.php\/wp-json\/wp\/v2\/tags?post=9443"}],"curies":[{"name":"wp","href":"https:\/\/api.w.org\/{rel}","templated":true}]}}