{"id":9084,"date":"2024-07-05T19:33:25","date_gmt":"2024-07-05T22:33:25","guid":{"rendered":"http:\/\/universidadedacapoeira.com\/?p=9084"},"modified":"2024-07-05T19:33:25","modified_gmt":"2024-07-05T22:33:25","slug":"missa-padre-luiz-carlos-vitorio-diacono-marcio-rosa-dos-santos-ministras-ana-maria-e-claudia-acolhida-e-preces-da-comunidade-ana-valerio-segunda-leitura-natalia-pastoral-da-musica-ministro-anton","status":"publish","type":"post","link":"https:\/\/universidadedacapoeira.com\/index.php\/2024\/07\/05\/missa-padre-luiz-carlos-vitorio-diacono-marcio-rosa-dos-santos-ministras-ana-maria-e-claudia-acolhida-e-preces-da-comunidade-ana-valerio-segunda-leitura-natalia-pastoral-da-musica-ministro-anton\/","title":{"rendered":"Missa: Padre Luiz Carlos Vit\u00f3rio. Di\u00e1cono M\u00e1rcio Rosa dos Santos. Ministras Ana Maria e Cl\u00e1udia. Acolhida e Preces da Comunidade Ana Val\u00e9rio. Segunda Leitura Nat\u00e1lia. Pastoral da M\u00fasica Ministro Ant\u00f4nio. Igreja Nossa Senhora M\u00e3e de Deus, Juiz de Fora. IMG_9867. 8,26 GB. 08h00. 30Jun24."},"content":{"rendered":"\n<figure class=\"wp-block-embed is-type-video is-provider-youtube wp-block-embed-youtube wp-embed-aspect-16-9 wp-has-aspect-ratio\"><div class=\"wp-block-embed__wrapper\">\n<iframe loading=\"lazy\" title=\"Missa - Padre Luiz Carlos Vit\u00f3rio. Igreja Nossa Senhora M\u00e3e de Deus, Brasil. IMG_9867. 8 GB. 30Jun24\" width=\"500\" height=\"281\" src=\"https:\/\/www.youtube.com\/embed\/pY0Vzf7Euao?feature=oembed\" frameborder=\"0\" allow=\"accelerometer; autoplay; clipboard-write; encrypted-media; gyroscope; picture-in-picture; web-share\" referrerpolicy=\"strict-origin-when-cross-origin\" allowfullscreen><\/iframe>\n<\/div><\/figure>\n","protected":false},"excerpt":{"rendered":"<p>Celebra\u00e7\u00e3o Eucar\u00edstica: Padre Luiz Carlos Vit\u00f3rio. Di\u00e1cono M\u00e1rcio Rosa dos Santos. Ministras Extraordin\u00e1rias da Sagrada Comunh\u00e3o  Ana Maria e Cl\u00e1udia Cristina Lessa Duarte. Acolhida e Preces da Comunidade Ana Val\u00e9rio. Segunda Leitura Nat\u00e1lia Regina Silva de Assis. Pastoral da M\u00fasica Ministro Extraordin\u00e1rio da Sagrada Comunh\u00e3o Ant\u00f4nio Reis. Igreja Nossa Senhora M\u00e3e de Deus, Bairro Nossa Senhora de Lourdes, Juiz de Fora, Minas Gerais\/MG, Brasil. Registro de Capoeira Mestre Pol\u00eamico &#8211; Professor Doutor Jo\u00e3o Couto Teixeira. IMG_9867. 8,26 GB. 08h00. Domingo, 30 de Junho de 2024. HD 1080p. MOV.<br \/>\nUniversidade Livre de Estudos Culturais da Capoeira &#8211; Universidade da Capoeira &#8211; UNICAPOEIRA, Instituto de Educa\u00e7\u00e3o Socioambiental &#8211; IESAMBI, Associa\u00e7\u00e3o de Capoeira &#8211; ASCA e Grupo de Capoeira MEIA LUA &#8211; Fundado Ter\u00e7a-feira, 29 de Maio de 1962.<\/p>\n<p>Seja membro deste canal e ganhe benef\u00edcios:<br \/>\nhttps:\/\/www.youtube.com\/channel\/UCE6HrA5Y_VZ4-hgw8FG13aw\/join<br \/>\nPIX &#8211; polemico72@hotmail.com<\/p>\n","protected":false},"author":2,"featured_media":9085,"comment_status":"open","ping_status":"open","sticky":false,"template":"","format":"video","meta":{"footnotes":""},"categories":[4674],"tags":[8253,2605,7901,4234,6114,7728,8254,236,8250,8252,8171,7948,8251,6483,411],"class_list":["post-9084","post","type-post","status-publish","format-video","has-post-thumbnail","hentry","category-celebracao-eucaristica","tag-acolhida-e-preces-da-comunidade-ana-valerio","tag-associacao-de-capoeira-asca","tag-celebracao-eucaristica-padre-luiz-carlos-vitorio-3","tag-diacono-marcio-rosa-dos-santos","tag-grupo-de-capoeira-meia-lua-fundado-terca-feira-29-de-maio-de-1962","tag-igreja-nossa-senhora-mae-de-deus-bairro-nossa-senhora-de-lourdes-juiz-de-fora-minas-gerais-mg-brasil","tag-img_9867-8-26-gb-08h00-domingo-30-de-junho-de-2024","tag-instituto-de-educacao-socioambiental-iesambi","tag-ministras-extraordinarias-da-sagrada-comunhao-ana-maria-e-claudia-cristina-lessa-duarte","tag-pastoral-da-musica-ministro-extraordinario-da-sagrada-comunhao-antonio-reis","tag-pix-polemico72hotmail-com","tag-registro-de-capoeira-mestre-polemico-professor-doutor-joao-couto-teixeira","tag-segunda-leitura-natalia-regina-silva-de-assis","tag-seja-membro-deste-canal-e-ganhe-beneficios-https-www-youtube-com-channel-uce6hra5y_vz4-hgw8fg13aw-join","tag-universidade-livre-de-estudos-culturais-da-capoeira-universidade-da-capoeira-unicapoeira","post_format-post-format-video"],"_links":{"self":[{"href":"https:\/\/universidadedacapoeira.com\/index.php\/wp-json\/wp\/v2\/posts\/9084","targetHints":{"allow":["GET"]}}],"collection":[{"href":"https:\/\/universidadedacapoeira.com\/index.php\/wp-json\/wp\/v2\/posts"}],"about":[{"href":"https:\/\/universidadedacapoeira.com\/index.php\/wp-json\/wp\/v2\/types\/post"}],"author":[{"embeddable":true,"href":"https:\/\/universidadedacapoeira.com\/index.php\/wp-json\/wp\/v2\/users\/2"}],"replies":[{"embeddable":true,"href":"https:\/\/universidadedacapoeira.com\/index.php\/wp-json\/wp\/v2\/comments?post=9084"}],"version-history":[{"count":1,"href":"https:\/\/universidadedacapoeira.com\/index.php\/wp-json\/wp\/v2\/posts\/9084\/revisions"}],"predecessor-version":[{"id":9086,"href":"https:\/\/universidadedacapoeira.com\/index.php\/wp-json\/wp\/v2\/posts\/9084\/revisions\/9086"}],"wp:featuredmedia":[{"embeddable":true,"href":"https:\/\/universidadedacapoeira.com\/index.php\/wp-json\/wp\/v2\/media\/9085"}],"wp:attachment":[{"href":"https:\/\/universidadedacapoeira.com\/index.php\/wp-json\/wp\/v2\/media?parent=9084"}],"wp:term":[{"taxonomy":"category","embeddable":true,"href":"https:\/\/universidadedacapoeira.com\/index.php\/wp-json\/wp\/v2\/categories?post=9084"},{"taxonomy":"post_tag","embeddable":true,"href":"https:\/\/universidadedacapoeira.com\/index.php\/wp-json\/wp\/v2\/tags?post=9084"}],"curies":[{"name":"wp","href":"https:\/\/api.w.org\/{rel}","templated":true}]}}