{"id":9045,"date":"2024-07-04T17:59:57","date_gmt":"2024-07-04T20:59:57","guid":{"rendered":"http:\/\/universidadedacapoeira.com\/?p=9045"},"modified":"2024-07-04T17:59:58","modified_gmt":"2024-07-04T20:59:58","slug":"missa-padre-luiz-carlos-vitorio-diacono-marcio-rosa-dos-santos-ministrs-ana-maria-e-antonio-acolhida-ministro-eduardo-primeira-leitura-sebastiao-salmo-91-como-e-bom-agradecermos-ao-senhor-m","status":"publish","type":"post","link":"https:\/\/universidadedacapoeira.com\/index.php\/2024\/07\/04\/missa-padre-luiz-carlos-vitorio-diacono-marcio-rosa-dos-santos-ministrs-ana-maria-e-antonio-acolhida-ministro-eduardo-primeira-leitura-sebastiao-salmo-91-como-e-bom-agradecermos-ao-senhor-m\/","title":{"rendered":"Missa: Padre Luiz Carlos Vit\u00f3rio. Di\u00e1cono M\u00e1rcio Rosa dos Santos. Ministr@s Ana Maria e Ant\u00f4nio. Acolhida Ministro Eduardo. Primeira Leitura Sebasti\u00e3o. Salmo 91 &#8211; Como \u00e9 Bom Agradecermos ao Senhor &#8211; Mestre Pol\u00eamico. Segunda Leitura Coordenador Cl\u00e1udio. Preces da Comunidade Ministro Amaro. Igreja Nossa Senhora M\u00e3e de Deus, Juiz de Fora. IMG_9842. 8,71 GB. 08h00. 16Jun24."},"content":{"rendered":"\n<figure class=\"wp-block-embed is-type-video is-provider-youtube wp-block-embed-youtube wp-embed-aspect-16-9 wp-has-aspect-ratio\"><div class=\"wp-block-embed__wrapper\">\n<iframe loading=\"lazy\" title=\"Missa: Padre Luiz Carlos Vit\u00f3rio. Igreja Nossa Senhora M\u00e3e de Deus\/Brasil. IMG_9842. 8,7 GB. 16Jun24\" width=\"500\" height=\"281\" src=\"https:\/\/www.youtube.com\/embed\/sT7MNio4QUQ?feature=oembed\" frameborder=\"0\" allow=\"accelerometer; autoplay; clipboard-write; encrypted-media; gyroscope; picture-in-picture; web-share\" referrerpolicy=\"strict-origin-when-cross-origin\" allowfullscreen><\/iframe>\n<\/div><\/figure>\n","protected":false},"excerpt":{"rendered":"<p>Celebra\u00e7\u00e3o Eucar\u00edstica: Padre Luiz Carlos Vit\u00f3rio. Di\u00e1cono M\u00e1rcio Rosa dos Santos. Ministr@s Extraordin\u00e1ri@s da Sagrada Comunh\u00e3o  Ana Maria e Ant\u00f4nio Reis. Acolhida Eduardo B\u00f4scaro. Primeira Leitura Sebasti\u00e3o Rosa Leite Filho. Salmo 91 &#8211; Como \u00e9 Bom Agradecermos ao Senhor &#8211; Mestre Pol\u00eamico. Segunda Leitura Coordenador Cl\u00e1udio. Preces da Comunidade Ministro Extraordin\u00e1rio da Sagrada Comunh\u00e3o Amaro Azevedo. Igreja Nossa Senhora M\u00e3e de Deus, Bairro Nossa Senhora de Lourdes, Juiz de Fora, Minas Gerais\/MG, Brasil. Registro de Capoeira Mestre Pol\u00eamico &#8211; Professor Doutor Jo\u00e3o Couto Teixeira. IMG_9842. 8,71 GB. 08h00. Domingo, 16 de Junho de 2024. HD 1080p. MOV.<br \/>\nUniversidade Livre de Estudos Culturais da Capoeira &#8211; Universidade da Capoeira &#8211; UNICAPOEIRA, Instituto de Educa\u00e7\u00e3o Socioambiental &#8211; IESAMBI, Associa\u00e7\u00e3o de Capoeira &#8211; ASCA e Grupo de Capoeira MEIA LUA &#8211; Fundado Ter\u00e7a-feira, 29 de Maio de 1962.<\/p>\n<p>Seja membro deste canal e ganhe benef\u00edcios:<br \/>\nhttps:\/\/www.youtube.com\/channel\/UCE6HrA5Y_VZ4-hgw8FG13aw\/join<br \/>\nPIX &#8211; polemico72@hotmail.com<\/p>\n","protected":false},"author":2,"featured_media":9046,"comment_status":"open","ping_status":"open","sticky":false,"template":"","format":"video","meta":{"footnotes":""},"categories":[4674],"tags":[6914,2605,7901,4234,6114,7728,8211,236,6269,8171,5962,8210,7948,8209,7835,6483,411],"class_list":["post-9045","post","type-post","status-publish","format-video","has-post-thumbnail","hentry","category-celebracao-eucaristica","tag-acolhida-ministro-extraordinario-da-sagrada-comunhao-eduardo-boscaro","tag-associacao-de-capoeira-asca","tag-celebracao-eucaristica-padre-luiz-carlos-vitorio-3","tag-diacono-marcio-rosa-dos-santos","tag-grupo-de-capoeira-meia-lua-fundado-terca-feira-29-de-maio-de-1962","tag-igreja-nossa-senhora-mae-de-deus-bairro-nossa-senhora-de-lourdes-juiz-de-fora-minas-gerais-mg-brasil","tag-img_9842-8-71-gb-08h00-domingo-16-de-junho-de-2024","tag-instituto-de-educacao-socioambiental-iesambi","tag-ministrs-extraordinaris-da-sagrada-comunhao-ana-maria-e-antonio-reis","tag-pix-polemico72hotmail-com","tag-preces-da-comunidade-ministro-extraordinario-da-sagrada-comunhao-amaro-azevedo","tag-primeira-leitura-sebastiao-rosa-leite-filho","tag-registro-de-capoeira-mestre-polemico-professor-doutor-joao-couto-teixeira","tag-salmo-91-como-e-bom-agradecermos-ao-senhor-mestre-polemico","tag-segunda-leitura-coordenador-claudio","tag-seja-membro-deste-canal-e-ganhe-beneficios-https-www-youtube-com-channel-uce6hra5y_vz4-hgw8fg13aw-join","tag-universidade-livre-de-estudos-culturais-da-capoeira-universidade-da-capoeira-unicapoeira","post_format-post-format-video"],"_links":{"self":[{"href":"https:\/\/universidadedacapoeira.com\/index.php\/wp-json\/wp\/v2\/posts\/9045","targetHints":{"allow":["GET"]}}],"collection":[{"href":"https:\/\/universidadedacapoeira.com\/index.php\/wp-json\/wp\/v2\/posts"}],"about":[{"href":"https:\/\/universidadedacapoeira.com\/index.php\/wp-json\/wp\/v2\/types\/post"}],"author":[{"embeddable":true,"href":"https:\/\/universidadedacapoeira.com\/index.php\/wp-json\/wp\/v2\/users\/2"}],"replies":[{"embeddable":true,"href":"https:\/\/universidadedacapoeira.com\/index.php\/wp-json\/wp\/v2\/comments?post=9045"}],"version-history":[{"count":1,"href":"https:\/\/universidadedacapoeira.com\/index.php\/wp-json\/wp\/v2\/posts\/9045\/revisions"}],"predecessor-version":[{"id":9047,"href":"https:\/\/universidadedacapoeira.com\/index.php\/wp-json\/wp\/v2\/posts\/9045\/revisions\/9047"}],"wp:featuredmedia":[{"embeddable":true,"href":"https:\/\/universidadedacapoeira.com\/index.php\/wp-json\/wp\/v2\/media\/9046"}],"wp:attachment":[{"href":"https:\/\/universidadedacapoeira.com\/index.php\/wp-json\/wp\/v2\/media?parent=9045"}],"wp:term":[{"taxonomy":"category","embeddable":true,"href":"https:\/\/universidadedacapoeira.com\/index.php\/wp-json\/wp\/v2\/categories?post=9045"},{"taxonomy":"post_tag","embeddable":true,"href":"https:\/\/universidadedacapoeira.com\/index.php\/wp-json\/wp\/v2\/tags?post=9045"}],"curies":[{"name":"wp","href":"https:\/\/api.w.org\/{rel}","templated":true}]}}