{"id":9027,"date":"2024-07-04T17:19:56","date_gmt":"2024-07-04T20:19:56","guid":{"rendered":"http:\/\/universidadedacapoeira.com\/?p=9027"},"modified":"2024-07-04T17:19:57","modified_gmt":"2024-07-04T20:19:57","slug":"berimbaus-santa-maria-e-angola-cantados-mestrs-polemico-e-lua-maria-isabel-melotti-xible-sala-de-entrar-tiguera-360-juiz-de-fora-minas-gerais-mg-brasil-registro-de-capoeira-mestre-polemico","status":"publish","type":"post","link":"https:\/\/universidadedacapoeira.com\/index.php\/2024\/07\/04\/berimbaus-santa-maria-e-angola-cantados-mestrs-polemico-e-lua-maria-isabel-melotti-xible-sala-de-entrar-tiguera-360-juiz-de-fora-minas-gerais-mg-brasil-registro-de-capoeira-mestre-polemico\/","title":{"rendered":"Berimbaus: Santa Maria e Angola Cantados, Mestr@s Pol\u00eamico e Lua &#8211; Maria Isabel Melotti Xible, Sala de Entrar. Tig\u00fc\u00e9ra 360. Juiz de Fora. Minas Gerais\/MG. Brasil, Registro de Capoeira Mestre Pol\u00eamico &#8211; Professor Doutor Jo\u00e3o Couto Teixeira, IMG_4547. 2.51 GB. 20h30. Segunda-feira &#8211; 10 de Junho de 2024,Universidade Livre de Estudos Culturais da Capoeira &#8211; Universidade da Capoeira &#8211; UNICAPOEIRA, Instituto de Educa\u00e7\u00e3o Socioambiental &#8211; IESAMBI, Associa\u00e7\u00e3o de Capoeira &#8211; ASCA, Grupo de Capoeira MEIA LUA &#8211; Fundado Ter\u00e7a-feira &#8211; 29 de Maio de 1962, Orquestra Harm\u00f4nica de Berimbaus, Seja membro deste canal e ganhe benef\u00edcios: https:\/\/www.youtube.com\/channel\/UCE6HrA5Y_VZ4-hgw8FG13aw\/join, PIX &#8211; polemico72@hotmail.com"},"content":{"rendered":"\n<figure class=\"wp-block-embed is-type-video is-provider-youtube wp-block-embed-youtube wp-embed-aspect-16-9 wp-has-aspect-ratio\"><div class=\"wp-block-embed__wrapper\">\n<iframe loading=\"lazy\" title=\"Berimbaus: Santa Maria e Angola. Mestr@s Pol\u00eamico e Lua. Tig\u00fc\u00e9ra 360, JF. IMG_4547. 2,51 GB. 10Jun24\" width=\"500\" height=\"281\" src=\"https:\/\/www.youtube.com\/embed\/WDd1F1oITr0?feature=oembed\" frameborder=\"0\" allow=\"accelerometer; autoplay; clipboard-write; encrypted-media; gyroscope; picture-in-picture; web-share\" referrerpolicy=\"strict-origin-when-cross-origin\" allowfullscreen><\/iframe>\n<\/div><\/figure>\n","protected":false},"excerpt":{"rendered":"<p>Berimbaus: Santa Maria e Angola Cantados. Mestr@s Pol\u00eamico e Lua &#8211; Maria Isabel Melotti Xible. Sala de Entrar, Tig\u00fc\u00e9ra 360, Juiz de Fora, Minas Gerais\/MG, Brasil. Registro de Capoeira Mestre Pol\u00eamico &#8211; Professor Doutor Jo\u00e3o Couto Teixeira. IMG_4547. 2,51 GB. 20h30. Segunda-feira, 10 de Junho de 2024. HD 1080p. MOV.<br \/>\nUniversidade Livre de Estudos Culturais da Capoeira &#8211; Universidade da Capoeira &#8211; UNICAPOEIRA, Instituto de Educa\u00e7\u00e3o Socioambiental &#8211; IESAMBI, Associa\u00e7\u00e3o de Capoeira &#8211; ASCA e Grupo de Capoeira MEIA LUA &#8211; Fundado Ter\u00e7a-feira, 29 de Maio de 1962. Orquestra Harm\u00f4nica de Berimbaus.<\/p>\n<p>Seja membro deste canal e ganhe benef\u00edcios:<br \/>\nhttps:\/\/www.youtube.com\/channel\/UCE6HrA5Y_VZ4-hgw8FG13aw\/join<br \/>\nPIX &#8211; polemico72@hotmail.com<\/p>\n","protected":false},"author":2,"featured_media":9028,"comment_status":"open","ping_status":"open","sticky":false,"template":"","format":"video","meta":{"footnotes":""},"categories":[4676],"tags":[2605,8191,6114,8193,236,8192,247,8171,7948,7699,6483,411],"class_list":["post-9027","post","type-post","status-publish","format-video","has-post-thumbnail","hentry","category-orquestra-harmonica-de-berimbaus","tag-associacao-de-capoeira-asca","tag-berimbaus-santa-maria-e-angola-cantados","tag-grupo-de-capoeira-meia-lua-fundado-terca-feira-29-de-maio-de-1962","tag-img_4547-2-51-gb-20h30-segunda-feira-10-de-junho-de-2024","tag-instituto-de-educacao-socioambiental-iesambi","tag-mestrs-polemico-e-lua-maria-isabel-melotti-xible","tag-orquestra-harmonica-de-berimbaus","tag-pix-polemico72hotmail-com","tag-registro-de-capoeira-mestre-polemico-professor-doutor-joao-couto-teixeira","tag-sala-de-entrar-tiguera-360-juiz-de-fora-minas-gerais-mg-brasil","tag-seja-membro-deste-canal-e-ganhe-beneficios-https-www-youtube-com-channel-uce6hra5y_vz4-hgw8fg13aw-join","tag-universidade-livre-de-estudos-culturais-da-capoeira-universidade-da-capoeira-unicapoeira","post_format-post-format-video"],"_links":{"self":[{"href":"https:\/\/universidadedacapoeira.com\/index.php\/wp-json\/wp\/v2\/posts\/9027","targetHints":{"allow":["GET"]}}],"collection":[{"href":"https:\/\/universidadedacapoeira.com\/index.php\/wp-json\/wp\/v2\/posts"}],"about":[{"href":"https:\/\/universidadedacapoeira.com\/index.php\/wp-json\/wp\/v2\/types\/post"}],"author":[{"embeddable":true,"href":"https:\/\/universidadedacapoeira.com\/index.php\/wp-json\/wp\/v2\/users\/2"}],"replies":[{"embeddable":true,"href":"https:\/\/universidadedacapoeira.com\/index.php\/wp-json\/wp\/v2\/comments?post=9027"}],"version-history":[{"count":1,"href":"https:\/\/universidadedacapoeira.com\/index.php\/wp-json\/wp\/v2\/posts\/9027\/revisions"}],"predecessor-version":[{"id":9029,"href":"https:\/\/universidadedacapoeira.com\/index.php\/wp-json\/wp\/v2\/posts\/9027\/revisions\/9029"}],"wp:featuredmedia":[{"embeddable":true,"href":"https:\/\/universidadedacapoeira.com\/index.php\/wp-json\/wp\/v2\/media\/9028"}],"wp:attachment":[{"href":"https:\/\/universidadedacapoeira.com\/index.php\/wp-json\/wp\/v2\/media?parent=9027"}],"wp:term":[{"taxonomy":"category","embeddable":true,"href":"https:\/\/universidadedacapoeira.com\/index.php\/wp-json\/wp\/v2\/categories?post=9027"},{"taxonomy":"post_tag","embeddable":true,"href":"https:\/\/universidadedacapoeira.com\/index.php\/wp-json\/wp\/v2\/tags?post=9027"}],"curies":[{"name":"wp","href":"https:\/\/api.w.org\/{rel}","templated":true}]}}