{"id":8995,"date":"2024-07-04T14:27:24","date_gmt":"2024-07-04T17:27:24","guid":{"rendered":"http:\/\/universidadedacapoeira.com\/?p=8995"},"modified":"2024-07-04T14:27:25","modified_gmt":"2024-07-04T17:27:25","slug":"missa-arcebispo-arquidiocesano-dom-gil-antonio-moreira-seminario-arquidiocesano-santo-antonio-juiz-de-fora-img_9828-1101-gb-09h00-13jun24","status":"publish","type":"post","link":"https:\/\/universidadedacapoeira.com\/index.php\/2024\/07\/04\/missa-arcebispo-arquidiocesano-dom-gil-antonio-moreira-seminario-arquidiocesano-santo-antonio-juiz-de-fora-img_9828-1101-gb-09h00-13jun24\/","title":{"rendered":"Missa: Arcebispo Arquidiocesano Dom Gil Ant\u00f4nio Moreira. Semin\u00e1rio Arquidiocesano Santo Ant\u00f4nio, Juiz de Fora. IMG_9828. 11,01 GB. 09h00. 13Jun24."},"content":{"rendered":"\n<figure class=\"wp-block-embed is-type-video is-provider-youtube wp-block-embed-youtube wp-embed-aspect-4-3 wp-has-aspect-ratio\"><div class=\"wp-block-embed__wrapper\">\n<iframe loading=\"lazy\" title=\"Miss: Arcebispo Arquidiocesano Dom Gil Ant\u00f4nio. Semin\u00e1rio Santo Ant\u00f4nio\/JF. IMG_9828. 11 GB. 13Jun24\" width=\"500\" height=\"375\" src=\"https:\/\/www.youtube.com\/embed\/0slq9dZxGzY?feature=oembed\" frameborder=\"0\" allow=\"accelerometer; autoplay; clipboard-write; encrypted-media; gyroscope; picture-in-picture; web-share\" referrerpolicy=\"strict-origin-when-cross-origin\" allowfullscreen><\/iframe>\n<\/div><\/figure>\n","protected":false},"excerpt":{"rendered":"<p>Celebra\u00e7\u00e3o Eucar\u00edstica: Arcebispo Arquidiocesano Dom Gil Ant\u00f4nio Moreira. Semin\u00e1rio Arquidiocesano Santo Ant\u00f4nio, Avenida Bar\u00e3o do Rio Branco, N\u00famero 4516, Bairro Alto Boa Vista, CEP 36.026-500, Juiz de Fora, Minas Gerais\/MG, Brasil. Registro de Capoeira Mestre Pol\u00eamico &#8211; Professor Doutor Jo\u00e3o Couto Teixeira. IMG_9828. 11,01 GB. 09h00. Quinta-feira, 13 de Junho de 2024. HD 1080p. MOV.<br \/>\nUniversidade Livre de Estudos Culturais da Capoeira &#8211; Universidade da Capoeira &#8211; UNICAPOEIRA, Instituto de Educa\u00e7\u00e3o Socioambiental &#8211; IESAMBI, Associa\u00e7\u00e3o de Capoeira &#8211; ASCA e Grupo de Capoeira MEIA LUA &#8211; Fundado Ter\u00e7a-feira, 29 de Maio de 1962.<\/p>\n<p>Seja membro deste canal e ganhe benef\u00edcios:<br \/>\nhttps:\/\/www.youtube.com\/channel\/UCE6HrA5Y_VZ4-hgw8FG13aw\/join<br \/>\nPIX &#8211; polemico72@hotmail.com<\/p>\n","protected":false},"author":2,"featured_media":8996,"comment_status":"open","ping_status":"open","sticky":false,"template":"","format":"video","meta":{"footnotes":""},"categories":[4674],"tags":[2605,8163,6114,8161,236,7948,8099,8162,411],"class_list":["post-8995","post","type-post","status-publish","format-video","has-post-thumbnail","hentry","category-celebracao-eucaristica","tag-associacao-de-capoeira-asca","tag-celebracao-eucaristica-arcebispo-arquidiocesano-dom-gil-antonio-moreira","tag-grupo-de-capoeira-meia-lua-fundado-terca-feira-29-de-maio-de-1962","tag-img_9828-11-01-gb-09h00-quinta-feira-13-de-junho-de-2024-hd-1080p","tag-instituto-de-educacao-socioambiental-iesambi","tag-registro-de-capoeira-mestre-polemico-professor-doutor-joao-couto-teixeira","tag-seja-membro-deste-canal-e-ganhe-beneficios-https-www-youtube-com-channel-uce6hra5y_vz4-hgw8fg13aw-join-pix-polemico72hotmail-com","tag-seminario-arquidiocesano-santo-antonio-avenida-barao-do-rio-branco-numero-4516-bairro-alto-boa-vista-cep-36-026-500-juiz-de-fora-minas-gerais-mg-brasil","tag-universidade-livre-de-estudos-culturais-da-capoeira-universidade-da-capoeira-unicapoeira","post_format-post-format-video"],"_links":{"self":[{"href":"https:\/\/universidadedacapoeira.com\/index.php\/wp-json\/wp\/v2\/posts\/8995","targetHints":{"allow":["GET"]}}],"collection":[{"href":"https:\/\/universidadedacapoeira.com\/index.php\/wp-json\/wp\/v2\/posts"}],"about":[{"href":"https:\/\/universidadedacapoeira.com\/index.php\/wp-json\/wp\/v2\/types\/post"}],"author":[{"embeddable":true,"href":"https:\/\/universidadedacapoeira.com\/index.php\/wp-json\/wp\/v2\/users\/2"}],"replies":[{"embeddable":true,"href":"https:\/\/universidadedacapoeira.com\/index.php\/wp-json\/wp\/v2\/comments?post=8995"}],"version-history":[{"count":1,"href":"https:\/\/universidadedacapoeira.com\/index.php\/wp-json\/wp\/v2\/posts\/8995\/revisions"}],"predecessor-version":[{"id":8997,"href":"https:\/\/universidadedacapoeira.com\/index.php\/wp-json\/wp\/v2\/posts\/8995\/revisions\/8997"}],"wp:featuredmedia":[{"embeddable":true,"href":"https:\/\/universidadedacapoeira.com\/index.php\/wp-json\/wp\/v2\/media\/8996"}],"wp:attachment":[{"href":"https:\/\/universidadedacapoeira.com\/index.php\/wp-json\/wp\/v2\/media?parent=8995"}],"wp:term":[{"taxonomy":"category","embeddable":true,"href":"https:\/\/universidadedacapoeira.com\/index.php\/wp-json\/wp\/v2\/categories?post=8995"},{"taxonomy":"post_tag","embeddable":true,"href":"https:\/\/universidadedacapoeira.com\/index.php\/wp-json\/wp\/v2\/tags?post=8995"}],"curies":[{"name":"wp","href":"https:\/\/api.w.org\/{rel}","templated":true}]}}