{"id":8983,"date":"2024-06-04T10:34:54","date_gmt":"2024-06-04T13:34:54","guid":{"rendered":"http:\/\/universidadedacapoeira.com\/?p=8983"},"modified":"2024-06-04T10:34:55","modified_gmt":"2024-06-04T13:34:55","slug":"missa-apostols-da-oracao-santuario-do-sagrado-coracao-de-jesus-juiz-de-fora-img_9777-937-gb-09h00-02jun24","status":"publish","type":"post","link":"https:\/\/universidadedacapoeira.com\/index.php\/2024\/06\/04\/missa-apostols-da-oracao-santuario-do-sagrado-coracao-de-jesus-juiz-de-fora-img_9777-937-gb-09h00-02jun24\/","title":{"rendered":"Missa: Ap\u00f3stol@s da Ora\u00e7\u00e3o. Santu\u00e1rio do Sagrado Cora\u00e7\u00e3o de Jesus, Juiz de Fora. IMG_9777. 9,37 GB. 09h00. 02Jun24."},"content":{"rendered":"\n<figure class=\"wp-block-embed is-type-video is-provider-youtube wp-block-embed-youtube wp-embed-aspect-16-9 wp-has-aspect-ratio\"><div class=\"wp-block-embed__wrapper\">\n<iframe loading=\"lazy\" title=\"Missa: Ap\u00f3stol@s da Ora\u00e7\u00e3o. Santu\u00e1rio do Sagrado Cora\u00e7\u00e3o de Jesus\/Brasil. IMG_9777. 9,37 GB. 02Jun24\" width=\"500\" height=\"281\" src=\"https:\/\/www.youtube.com\/embed\/GCXi7Mo8wEQ?feature=oembed\" frameborder=\"0\" allow=\"accelerometer; autoplay; clipboard-write; encrypted-media; gyroscope; picture-in-picture; web-share\" referrerpolicy=\"strict-origin-when-cross-origin\" allowfullscreen><\/iframe>\n<\/div><\/figure>\n","protected":false},"excerpt":{"rendered":"<p>Celebra\u00e7\u00e3o Eucar\u00edstica: Ap\u00f3stol@s da Ora\u00e7\u00e3o. Santu\u00e1rio do Sagrado Cora\u00e7\u00e3o de Jesus, Rua Doutor Alberto Vieira Lima, N\u00famero 50, Bairro Bairu, CEP 36.050-070, Juiz de Fora, Minas Gerais\/MG, Brasil. Registro de Capoeira Mestre Pol\u00eamico &#8211; Professor Doutor Jo\u00e3o Couto Teixeira. IMG_9777. 9,37 GB. 09h00. Domingo, 02 de Junho de 2024. HD 1080p. MOV.<br \/>\nUniversidade Livre de Estudos Culturais da Capoeira &#8211; Universidade da Capoeira &#8211; UNICAPOEIRA, Instituto de Educa\u00e7\u00e3o Socioambiental &#8211; IESAMBI, Associa\u00e7\u00e3o de Capoeira &#8211; ASCA e Grupo de Capoeira MEIA LUA &#8211; Fundado Ter\u00e7a-feira, 29 de Maio de 1962.<\/p>\n<p>Seja membro deste canal e ganhe benef\u00edcios:<br \/>\nhttps:\/\/www.youtube.com\/channel\/UCE6HrA5Y_VZ4-hgw8FG13aw\/join<br \/>\nPIX &#8211; polemico72@hotmail.com<\/p>\n","protected":false},"author":2,"featured_media":8984,"comment_status":"open","ping_status":"open","sticky":false,"template":"","format":"video","meta":{"footnotes":""},"categories":[4673],"tags":[2605,8149,6114,8148,236,7948,8147,8099,411],"class_list":["post-8983","post","type-post","status-publish","format-video","has-post-thumbnail","hentry","category-apostolado-da-oracao","tag-associacao-de-capoeira-asca","tag-celebracao-eucaristica-apostols-da-oracao","tag-grupo-de-capoeira-meia-lua-fundado-terca-feira-29-de-maio-de-1962","tag-img_9777-9-37-gb-09h00-domingo-02-de-junho-de-2024","tag-instituto-de-educacao-socioambiental-iesambi","tag-registro-de-capoeira-mestre-polemico-professor-doutor-joao-couto-teixeira","tag-santuario-do-sagrado-coracao-de-jesus-rua-doutor-alberto-vieira-lima-numero-50-bairro-bairu-cep-36-050-070-juiz-de-fora-minas-gerais-mg-brasil","tag-seja-membro-deste-canal-e-ganhe-beneficios-https-www-youtube-com-channel-uce6hra5y_vz4-hgw8fg13aw-join-pix-polemico72hotmail-com","tag-universidade-livre-de-estudos-culturais-da-capoeira-universidade-da-capoeira-unicapoeira","post_format-post-format-video"],"_links":{"self":[{"href":"https:\/\/universidadedacapoeira.com\/index.php\/wp-json\/wp\/v2\/posts\/8983","targetHints":{"allow":["GET"]}}],"collection":[{"href":"https:\/\/universidadedacapoeira.com\/index.php\/wp-json\/wp\/v2\/posts"}],"about":[{"href":"https:\/\/universidadedacapoeira.com\/index.php\/wp-json\/wp\/v2\/types\/post"}],"author":[{"embeddable":true,"href":"https:\/\/universidadedacapoeira.com\/index.php\/wp-json\/wp\/v2\/users\/2"}],"replies":[{"embeddable":true,"href":"https:\/\/universidadedacapoeira.com\/index.php\/wp-json\/wp\/v2\/comments?post=8983"}],"version-history":[{"count":1,"href":"https:\/\/universidadedacapoeira.com\/index.php\/wp-json\/wp\/v2\/posts\/8983\/revisions"}],"predecessor-version":[{"id":8985,"href":"https:\/\/universidadedacapoeira.com\/index.php\/wp-json\/wp\/v2\/posts\/8983\/revisions\/8985"}],"wp:featuredmedia":[{"embeddable":true,"href":"https:\/\/universidadedacapoeira.com\/index.php\/wp-json\/wp\/v2\/media\/8984"}],"wp:attachment":[{"href":"https:\/\/universidadedacapoeira.com\/index.php\/wp-json\/wp\/v2\/media?parent=8983"}],"wp:term":[{"taxonomy":"category","embeddable":true,"href":"https:\/\/universidadedacapoeira.com\/index.php\/wp-json\/wp\/v2\/categories?post=8983"},{"taxonomy":"post_tag","embeddable":true,"href":"https:\/\/universidadedacapoeira.com\/index.php\/wp-json\/wp\/v2\/tags?post=8983"}],"curies":[{"name":"wp","href":"https:\/\/api.w.org\/{rel}","templated":true}]}}