{"id":8781,"date":"2024-05-11T11:18:32","date_gmt":"2024-05-11T14:18:32","guid":{"rendered":"http:\/\/universidadedacapoeira.com\/?p=8781"},"modified":"2024-05-11T11:18:33","modified_gmt":"2024-05-11T14:18:33","slug":"missa-padre-luiz-carlos-vitorio-ministra-maria-ines-leitura-rosenei-salmo-116-mestre-polemico-preces-da-comunidade-natalia-igreja-nossa-senhora-mae-de-deus-juiz-de-fora-img_2881-489-gb-07h0","status":"publish","type":"post","link":"https:\/\/universidadedacapoeira.com\/index.php\/2024\/05\/11\/missa-padre-luiz-carlos-vitorio-ministra-maria-ines-leitura-rosenei-salmo-116-mestre-polemico-preces-da-comunidade-natalia-igreja-nossa-senhora-mae-de-deus-juiz-de-fora-img_2881-489-gb-07h0\/","title":{"rendered":"Missa: Padre Luiz Carlos Vit\u00f3rio. Ministra Maria In\u00eas. Leitura Rosenei. Salmo 116 Mestre Pol\u00eamico. Preces da Comunidade Nat\u00e1lia. Igreja Nossa Senhora M\u00e3e de Deus, Juiz de Fora. IMG_2881. 4,89 GB. 07h00. 19Abr24."},"content":{"rendered":"\n<figure class=\"wp-block-embed is-type-video is-provider-youtube wp-block-embed-youtube wp-embed-aspect-16-9 wp-has-aspect-ratio\"><div class=\"wp-block-embed__wrapper\">\n<iframe loading=\"lazy\" title=\"Missa: Padre Luiz Carlos Vit\u00f3rio. Igreja Nossa Senhora M\u00e3e de Deus, Brasil. IMG_2881. 5 GB. 19Abr24\" width=\"500\" height=\"281\" src=\"https:\/\/www.youtube.com\/embed\/9tLcsduAGB8?feature=oembed\" frameborder=\"0\" allow=\"accelerometer; autoplay; clipboard-write; encrypted-media; gyroscope; picture-in-picture; web-share\" referrerpolicy=\"strict-origin-when-cross-origin\" allowfullscreen><\/iframe>\n<\/div><\/figure>\n","protected":false},"excerpt":{"rendered":"<p>Celebra\u00e7\u00e3o Eucar\u00edstica: Padre Luiz Carlos Vit\u00f3rio. Ministra Extraordin\u00e1ria da Sagrada Comunh\u00e3o Maria In\u00eas. Leitura Rosenei FreitasF.Fonseca. Salmo 116 &#8211; Ide por Todo o Mundo, A Todos Pregai o Evangelho &#8211; Mestre Pol\u00eamico. Preces da Comunidade Nat\u00e1lia Regina Silva de Assis. Igreja Nossa Senhora M\u00e3e de Deus, Bairro Nossa Senhora de Lourdes, Juiz de Fora, Minas Gerais\/MG, Brasil. Registro de Capoeira Mestre Pol\u00eamico &#8211; Professor Jo\u00e3o Couto Teixeira. IMG_2881. 4,89 GB. 07h00. Sexta-feira, 19 de Abril de 2024. HD 1080p. MOV.<br \/>\nUniversidade Livre de Estudos Culturais da Capoeira &#8211; Universidade da Capoeira &#8211; UNICAPOEIRA, Instituto de Educa\u00e7\u00e3o Socioambiental &#8211; IESAMBI, Associa\u00e7\u00e3o de Capoeira &#8211; ASCA e Grupo de Capoeira MEIA LUA &#8211; Fundado Ter\u00e7a-feira, 29 de Maio de 1962.<\/p>\n<p>Seja membro deste canal e ganhe benef\u00edcios:<br \/>\nhttps:\/\/www.youtube.com\/channel\/UCE6HrA5Y_VZ4-hgw8FG13aw\/join<\/p>\n","protected":false},"author":2,"featured_media":8782,"comment_status":"open","ping_status":"open","sticky":false,"template":"","format":"video","meta":{"footnotes":""},"categories":[4674],"tags":[2605,7901,6114,7728,7953,236,7952,6328,7276,519,7951,6483,411],"class_list":["post-8781","post","type-post","status-publish","format-video","has-post-thumbnail","hentry","category-celebracao-eucaristica","tag-associacao-de-capoeira-asca","tag-celebracao-eucaristica-padre-luiz-carlos-vitorio-3","tag-grupo-de-capoeira-meia-lua-fundado-terca-feira-29-de-maio-de-1962","tag-igreja-nossa-senhora-mae-de-deus-bairro-nossa-senhora-de-lourdes-juiz-de-fora-minas-gerais-mg-brasil","tag-img_2881-4-89-gb-07h00-sexta-feira-19-de-abril-de-2024","tag-instituto-de-educacao-socioambiental-iesambi","tag-leitura-rosenei-freitas-f-fonseca","tag-ministra-extraordinaria-da-sagrada-comunhao-maria-ines","tag-preces-da-comunidade-natalia-regina-silva-de-assis","tag-registro-de-capoeira-mestre-polemico-professor-joao-couto-teixeira","tag-salmo-116-ide-por-todo-o-mundo-a-todos-pregai-o-evangelho-mestre-polemico","tag-seja-membro-deste-canal-e-ganhe-beneficios-https-www-youtube-com-channel-uce6hra5y_vz4-hgw8fg13aw-join","tag-universidade-livre-de-estudos-culturais-da-capoeira-universidade-da-capoeira-unicapoeira","post_format-post-format-video"],"_links":{"self":[{"href":"https:\/\/universidadedacapoeira.com\/index.php\/wp-json\/wp\/v2\/posts\/8781","targetHints":{"allow":["GET"]}}],"collection":[{"href":"https:\/\/universidadedacapoeira.com\/index.php\/wp-json\/wp\/v2\/posts"}],"about":[{"href":"https:\/\/universidadedacapoeira.com\/index.php\/wp-json\/wp\/v2\/types\/post"}],"author":[{"embeddable":true,"href":"https:\/\/universidadedacapoeira.com\/index.php\/wp-json\/wp\/v2\/users\/2"}],"replies":[{"embeddable":true,"href":"https:\/\/universidadedacapoeira.com\/index.php\/wp-json\/wp\/v2\/comments?post=8781"}],"version-history":[{"count":1,"href":"https:\/\/universidadedacapoeira.com\/index.php\/wp-json\/wp\/v2\/posts\/8781\/revisions"}],"predecessor-version":[{"id":8783,"href":"https:\/\/universidadedacapoeira.com\/index.php\/wp-json\/wp\/v2\/posts\/8781\/revisions\/8783"}],"wp:featuredmedia":[{"embeddable":true,"href":"https:\/\/universidadedacapoeira.com\/index.php\/wp-json\/wp\/v2\/media\/8782"}],"wp:attachment":[{"href":"https:\/\/universidadedacapoeira.com\/index.php\/wp-json\/wp\/v2\/media?parent=8781"}],"wp:term":[{"taxonomy":"category","embeddable":true,"href":"https:\/\/universidadedacapoeira.com\/index.php\/wp-json\/wp\/v2\/categories?post=8781"},{"taxonomy":"post_tag","embeddable":true,"href":"https:\/\/universidadedacapoeira.com\/index.php\/wp-json\/wp\/v2\/tags?post=8781"}],"curies":[{"name":"wp","href":"https:\/\/api.w.org\/{rel}","templated":true}]}}