{"id":8760,"date":"2024-05-09T10:54:22","date_gmt":"2024-05-09T13:54:22","guid":{"rendered":"http:\/\/universidadedacapoeira.com\/?p=8760"},"modified":"2024-05-09T10:54:23","modified_gmt":"2024-05-09T13:54:23","slug":"unicapoeira-meia-lua-62-anos-mestre-avatar-aluna-formada-monica-aluns-graduados-abrahao-laura-e-beatriz-condominio-tiguera-juiz-de-fora-img_9482-1083-gb-15h00-06abr24","status":"publish","type":"post","link":"https:\/\/universidadedacapoeira.com\/index.php\/2024\/05\/09\/unicapoeira-meia-lua-62-anos-mestre-avatar-aluna-formada-monica-aluns-graduados-abrahao-laura-e-beatriz-condominio-tiguera-juiz-de-fora-img_9482-1083-gb-15h00-06abr24\/","title":{"rendered":"UNICAPOEIRA MEIA LUA: 62 Anos. Mestre Avatar, Aluna Formada M\u00f4nica, Alun@s Graduados Abrahao, Laura e Beatriz. Condom\u00ednio Tig\u00fc\u00e9ra, Juiz de Fora. IMG_9482. 10,83 GB. 15h00. 06Abr24."},"content":{"rendered":"\n<figure class=\"wp-block-embed is-type-video is-provider-youtube wp-block-embed-youtube wp-embed-aspect-16-9 wp-has-aspect-ratio\"><div class=\"wp-block-embed__wrapper\">\n<iframe loading=\"lazy\" title=\"UNICAPOEIRA MEIA LUA: Avatar, M\u00f4nica, Abrahao, Laura e Beatriz. Tig\u00fc\u00e9ra. IMG_9482. 10,83 GB. 06Abr24\" width=\"500\" height=\"281\" src=\"https:\/\/www.youtube.com\/embed\/lc6eZy0BULY?feature=oembed\" frameborder=\"0\" allow=\"accelerometer; autoplay; clipboard-write; encrypted-media; gyroscope; picture-in-picture; web-share\" referrerpolicy=\"strict-origin-when-cross-origin\" allowfullscreen><\/iframe>\n<\/div><\/figure>\n","protected":false},"excerpt":{"rendered":"<p>UNICAPOEIRA MEIA LUA: 62 Anos. Quinto Treino. Mestre Avatar &#8211; Giovanni Domedson de Andrade, Aluna Formada M\u00f4nica Rodrigues Vieira, Alun@s Graduados Abrahao Elias Hallack Neto, Laura Maria Moreira Teixeira e Beatriz Evaristo Hallack. Sede Condom\u00ednio Tig\u00fc\u00e9ra, Juiz de Fora, Minas Gerais\/MG, Brasil. Registro de Capoeira Mestre Pol\u00eamico &#8211; Professor Jo\u00e3o Couto Teixeira. IMG_9482. 10,83 GB. 15h00. S\u00e1bado, 06 de Abril de 2024. HD 1080p. MOV.<br \/>\nUniversidade Livre de Estudos Culturais da Capoeira &#8211; Universidade da Capoeira &#8211; UNICAPOEIRA, Instituto de Educa\u00e7\u00e3o Socioambiental &#8211; IESAMBI, Associa\u00e7\u00e3o de Capoeira &#8211; ASCA e Grupo de Capoeira MEIA LUA &#8211; Fundado Ter\u00e7a-feira, 29 de Maio de 1962. Orquestra Harm\u00f4nica de Berimbaus.<\/p>\n<p>Seja membro deste canal e ganhe benef\u00edcios:<br \/>\nhttps:\/\/www.youtube.com\/channel\/UCE6HrA5Y_VZ4-hgw8FG13aw\/join<\/p>\n","protected":false},"author":2,"featured_media":8761,"comment_status":"open","ping_status":"open","sticky":false,"template":"","format":"video","meta":{"footnotes":""},"categories":[4677],"tags":[7927,7930,2605,6114,7931,236,7928,247,519,7797,7885,7929,411],"class_list":["post-8760","post","type-post","status-publish","format-video","has-post-thumbnail","hentry","category-grupo-de-capoeira-meia-lua","tag-aluns-graduados-abrahao-elias-hallack-neto-laura-maria-moreira-teixeira-e-beatriz-evaristo-hallack","tag-aluna-formada-monica-rodrigues-vieira","tag-associacao-de-capoeira-asca","tag-grupo-de-capoeira-meia-lua-fundado-terca-feira-29-de-maio-de-1962","tag-img_9482-10-83-gb-15h00-sabado-06-de-abril-de-2024","tag-instituto-de-educacao-socioambiental-iesambi","tag-mestre-avatar-giovanni-domedson-de-andrade","tag-orquestra-harmonica-de-berimbaus","tag-registro-de-capoeira-mestre-polemico-professor-joao-couto-teixeira","tag-sede-condominio-tiguera-juiz-de-fora-minas-gerais-mg-brasil","tag-seja-membro-deste-canal-e-ganhe-beneficios-https-www-youtube-com-channel-uce6hra5y_vz4-hgw8fg13aw-joina","tag-unicapoeira-meia-lua-62-anos-quinto-treino","tag-universidade-livre-de-estudos-culturais-da-capoeira-universidade-da-capoeira-unicapoeira","post_format-post-format-video"],"_links":{"self":[{"href":"https:\/\/universidadedacapoeira.com\/index.php\/wp-json\/wp\/v2\/posts\/8760","targetHints":{"allow":["GET"]}}],"collection":[{"href":"https:\/\/universidadedacapoeira.com\/index.php\/wp-json\/wp\/v2\/posts"}],"about":[{"href":"https:\/\/universidadedacapoeira.com\/index.php\/wp-json\/wp\/v2\/types\/post"}],"author":[{"embeddable":true,"href":"https:\/\/universidadedacapoeira.com\/index.php\/wp-json\/wp\/v2\/users\/2"}],"replies":[{"embeddable":true,"href":"https:\/\/universidadedacapoeira.com\/index.php\/wp-json\/wp\/v2\/comments?post=8760"}],"version-history":[{"count":1,"href":"https:\/\/universidadedacapoeira.com\/index.php\/wp-json\/wp\/v2\/posts\/8760\/revisions"}],"predecessor-version":[{"id":8762,"href":"https:\/\/universidadedacapoeira.com\/index.php\/wp-json\/wp\/v2\/posts\/8760\/revisions\/8762"}],"wp:featuredmedia":[{"embeddable":true,"href":"https:\/\/universidadedacapoeira.com\/index.php\/wp-json\/wp\/v2\/media\/8761"}],"wp:attachment":[{"href":"https:\/\/universidadedacapoeira.com\/index.php\/wp-json\/wp\/v2\/media?parent=8760"}],"wp:term":[{"taxonomy":"category","embeddable":true,"href":"https:\/\/universidadedacapoeira.com\/index.php\/wp-json\/wp\/v2\/categories?post=8760"},{"taxonomy":"post_tag","embeddable":true,"href":"https:\/\/universidadedacapoeira.com\/index.php\/wp-json\/wp\/v2\/tags?post=8760"}],"curies":[{"name":"wp","href":"https:\/\/api.w.org\/{rel}","templated":true}]}}