{"id":8757,"date":"2024-05-09T10:29:02","date_gmt":"2024-05-09T13:29:02","guid":{"rendered":"http:\/\/universidadedacapoeira.com\/?p=8757"},"modified":"2024-05-09T10:29:03","modified_gmt":"2024-05-09T13:29:03","slug":"berimbaus-e-canto-com-os-mestres-joaos-jo-sabao-e-polemico-juiz-de-fora-img_9481-782-gb-09h00-06abr24","status":"publish","type":"post","link":"https:\/\/universidadedacapoeira.com\/index.php\/2024\/05\/09\/berimbaus-e-canto-com-os-mestres-joaos-jo-sabao-e-polemico-juiz-de-fora-img_9481-782-gb-09h00-06abr24\/","title":{"rendered":"Berimbaus e Canto com os Mestres Jo\u00e3os: J\u00f4, Sab\u00e3o e Pol\u00eamico. Juiz de Fora. IMG_9481. 7,82 GB. 09h00. 06Abr24."},"content":{"rendered":"\n<figure class=\"wp-block-embed is-type-video is-provider-youtube wp-block-embed-youtube wp-embed-aspect-16-9 wp-has-aspect-ratio\"><div class=\"wp-block-embed__wrapper\">\n<iframe loading=\"lazy\" title=\"UNICAPOEIRA: Berimbaus e Canto. Mestres J\u00f4, Sab\u00e3o e Pol\u00eamico. Juiz de Fora. IMG_9481. 8 GB. 06Abr24\" width=\"500\" height=\"281\" src=\"https:\/\/www.youtube.com\/embed\/fnz-ck_UDB4?feature=oembed\" frameborder=\"0\" allow=\"accelerometer; autoplay; clipboard-write; encrypted-media; gyroscope; picture-in-picture; web-share\" referrerpolicy=\"strict-origin-when-cross-origin\" allowfullscreen><\/iframe>\n<\/div><\/figure>\n","protected":false},"excerpt":{"rendered":"<p>Berimbaus e Canto os Mestres Jo\u00e3os:  J\u00f4 &#8211; Jo\u00e3o Mendes Batista Barbosa Filho, Sab\u00e3o &#8211; Jo\u00e3o Batista Lage Barbosa e Pol\u00eamico. Rua Luiz Bas\u00edlio Castor, 259, Bairro Santa Luzia , Juiz de Fora, Minas Gerais\/MG, Brasil. Registro de Capoeira Mestre Pol\u00eamico &#8211; Professor Jo\u00e3o Couto Teixeira. IMG_9481. 7,82 GB. 09h00. S\u00e1bado, 06 de Abril de 2024. HD 1080p. MOV.<br \/>\nUniversidade Livre de Estudos Culturais da Capoeira &#8211; Universidade da Capoeira &#8211; UNICAPOEIRA, Instituto de Educa\u00e7\u00e3o Socioambiental &#8211; IESAMBI, Associa\u00e7\u00e3o de Capoeira &#8211; ASCA e Grupo de Capoeira MEIA LUA &#8211; Fundado Ter\u00e7a-feira, 29 de Maio de 1962. Orquestra Harm\u00f4nica de Berimbaus.<\/p>\n<p>Seja membro deste canal e ganhe benef\u00edcios:<br \/>\nhttps:\/\/www.youtube.com\/channel\/UCE6HrA5Y_VZ4-hgw8FG13aw\/join<\/p>\n","protected":false},"author":2,"featured_media":8758,"comment_status":"open","ping_status":"open","sticky":false,"template":"","format":"video","meta":{"footnotes":""},"categories":[4677],"tags":[2605,7925,6114,7926,236,5291,7425,247,519,7852,6483,411],"class_list":["post-8757","post","type-post","status-publish","format-video","has-post-thumbnail","hentry","category-grupo-de-capoeira-meia-lua","tag-associacao-de-capoeira-asca","tag-berimbaus-e-canto-com-os-mestres-joaos","tag-grupo-de-capoeira-meia-lua-fundado-terca-feira-29-de-maio-de-1962","tag-img_9481-7-82-gb-09h00-sabado-06-de-abril-de-2024","tag-instituto-de-educacao-socioambiental-iesambi","tag-mestre-jo-joao-mendes-batista-barbosa-filho","tag-mestre-sabao-joao-batista-lage-barbosa","tag-orquestra-harmonica-de-berimbaus","tag-registro-de-capoeira-mestre-polemico-professor-joao-couto-teixeira","tag-rua-luiz-basilio-castor-numero-259-bairro-santa-luzia-juiz-de-fora-minas-gerais-mg-brasil","tag-seja-membro-deste-canal-e-ganhe-beneficios-https-www-youtube-com-channel-uce6hra5y_vz4-hgw8fg13aw-join","tag-universidade-livre-de-estudos-culturais-da-capoeira-universidade-da-capoeira-unicapoeira","post_format-post-format-video"],"_links":{"self":[{"href":"https:\/\/universidadedacapoeira.com\/index.php\/wp-json\/wp\/v2\/posts\/8757","targetHints":{"allow":["GET"]}}],"collection":[{"href":"https:\/\/universidadedacapoeira.com\/index.php\/wp-json\/wp\/v2\/posts"}],"about":[{"href":"https:\/\/universidadedacapoeira.com\/index.php\/wp-json\/wp\/v2\/types\/post"}],"author":[{"embeddable":true,"href":"https:\/\/universidadedacapoeira.com\/index.php\/wp-json\/wp\/v2\/users\/2"}],"replies":[{"embeddable":true,"href":"https:\/\/universidadedacapoeira.com\/index.php\/wp-json\/wp\/v2\/comments?post=8757"}],"version-history":[{"count":1,"href":"https:\/\/universidadedacapoeira.com\/index.php\/wp-json\/wp\/v2\/posts\/8757\/revisions"}],"predecessor-version":[{"id":8759,"href":"https:\/\/universidadedacapoeira.com\/index.php\/wp-json\/wp\/v2\/posts\/8757\/revisions\/8759"}],"wp:featuredmedia":[{"embeddable":true,"href":"https:\/\/universidadedacapoeira.com\/index.php\/wp-json\/wp\/v2\/media\/8758"}],"wp:attachment":[{"href":"https:\/\/universidadedacapoeira.com\/index.php\/wp-json\/wp\/v2\/media?parent=8757"}],"wp:term":[{"taxonomy":"category","embeddable":true,"href":"https:\/\/universidadedacapoeira.com\/index.php\/wp-json\/wp\/v2\/categories?post=8757"},{"taxonomy":"post_tag","embeddable":true,"href":"https:\/\/universidadedacapoeira.com\/index.php\/wp-json\/wp\/v2\/tags?post=8757"}],"curies":[{"name":"wp","href":"https:\/\/api.w.org\/{rel}","templated":true}]}}