{"id":8711,"date":"2024-05-08T17:56:41","date_gmt":"2024-05-08T20:56:41","guid":{"rendered":"http:\/\/universidadedacapoeira.com\/?p=8711"},"modified":"2024-05-08T19:30:48","modified_gmt":"2024-05-08T22:30:48","slug":"descomemoracao-do-golpe-militar-de-1964-bom-dia-tv-247-vitor-iorio-marcelo-auler-dhayane-santos-mediador-xico-teixeira-debatedores-pedro-paulo-taucci-ismair-zaghetto-anibal-pinto-e-jose-lui","status":"publish","type":"post","link":"https:\/\/universidadedacapoeira.com\/index.php\/2024\/05\/08\/descomemoracao-do-golpe-militar-de-1964-bom-dia-tv-247-vitor-iorio-marcelo-auler-dhayane-santos-mediador-xico-teixeira-debatedores-pedro-paulo-taucci-ismair-zaghetto-anibal-pinto-e-jose-lui\/","title":{"rendered":"Descomemora\u00e7\u00e3o do Golpe Militar de 1964: Bom Dia &#8211; TV 247. Vitor Iorio, Marcelo Auler, Dhayane Santos. Mediador Xico Teixeira &#8211; Debatedores Pedro Paulo Taucci, Ismair Zaghetto, Anibal Pinto e Jos\u00e9 Luiz Ribeiro. Tig\u00fc\u00e9ra 360, Juiz de Fora. IMG_9445. 902,6 MB. 11h04. 14Mar24."},"content":{"rendered":"\n<figure class=\"wp-block-embed is-type-video is-provider-youtube wp-block-embed-youtube wp-embed-aspect-16-9 wp-has-aspect-ratio\"><div class=\"wp-block-embed__wrapper\">\n<iframe loading=\"lazy\" title=\"Descomemora\u00e7\u00e3o do Golpe Militar de 1964: TV 247. Tig\u00fc\u00e9ra 360\/Juiz de Fora. IMG_9445. 903 MB. 29Mar24\" width=\"500\" height=\"281\" src=\"https:\/\/www.youtube.com\/embed\/8JZSosY2VFg?feature=oembed\" frameborder=\"0\" allow=\"accelerometer; autoplay; clipboard-write; encrypted-media; gyroscope; picture-in-picture; web-share\" referrerpolicy=\"strict-origin-when-cross-origin\" allowfullscreen><\/iframe>\n<\/div><\/figure>\n","protected":false},"excerpt":{"rendered":"<p>Descomemora\u00e7\u00e3o do Golpe Militar de 1964: Bom Dia &#8211; TV 247. Vitor Iorio, Marcelo Auler, Dhayane Santos. Mediador Xico Teixeira &#8211; Debatedores Pedro Paulo Taucci, Ismair Zaghetto, Anibal Pinto e Jos\u00e9 Luiz Ribeiro . Sala de Entrar, Tig\u00fc\u00e9ra 360, Juiz de Fora, Minas Gerais\/MG, Brasil. Registro de Capoeira Mestre Pol\u00eamico &#8211; Professor Jo\u00e3o Couto Teixeira. IMG_9445. 902,6 MB. 11h04. Quinta-feira, 14 de Mar\u00e7o de 2024. HD 1080p.<br \/>\nUniversidade Livre de Estudos Culturais da Capoeira &#8211; Universidade da Capoeira &#8211; UNICAPOEIRA, Instituto de Educa\u00e7\u00e3o Socioambiental &#8211; IESAMBI, Associa\u00e7\u00e3o de Capoeira &#8211; ASCA e Grupo de Capoeira MEIA LUA &#8211; Fundado Ter\u00e7a-feira, 29 de Maio de 1962.<\/p>\n<p>Seja membro deste canal e ganhe benef\u00edcios:<br \/>\nhttps:\/\/www.youtube.com\/channel\/UCE6HrA5Y_VZ4-hgw8FG13aw\/join<\/p>\n","protected":false},"author":2,"featured_media":8714,"comment_status":"open","ping_status":"open","sticky":false,"template":"","format":"video","meta":{"footnotes":""},"categories":[4738],"tags":[2605,7881,7878,6114,7882,236,7880,519,7699,6483,411,7879],"class_list":["post-8711","post","type-post","status-publish","format-video","has-post-thumbnail","hentry","category-iesambi","tag-associacao-de-capoeira-asca","tag-debatedores-pedro-paulo-taucci-ismair-zaghetto-anibal-pinto-e-jose-luiz-ribeiro","tag-descomemoracao-do-golpe-militar-de-1964-bom-dia-tv-247","tag-grupo-de-capoeira-meia-lua-fundado-terca-feira-29-de-maio-de-1962","tag-img_9445-902-6-mb-11h04-quinta-feira-14-de-marco-de-2024","tag-instituto-de-educacao-socioambiental-iesambi","tag-mediador-xico-teixeira","tag-registro-de-capoeira-mestre-polemico-professor-joao-couto-teixeira","tag-sala-de-entrar-tiguera-360-juiz-de-fora-minas-gerais-mg-brasil","tag-seja-membro-deste-canal-e-ganhe-beneficios-https-www-youtube-com-channel-uce6hra5y_vz4-hgw8fg13aw-join","tag-universidade-livre-de-estudos-culturais-da-capoeira-universidade-da-capoeira-unicapoeira","tag-vitor-iorio-marcelo-auler-dhayane-santos","post_format-post-format-video"],"_links":{"self":[{"href":"https:\/\/universidadedacapoeira.com\/index.php\/wp-json\/wp\/v2\/posts\/8711","targetHints":{"allow":["GET"]}}],"collection":[{"href":"https:\/\/universidadedacapoeira.com\/index.php\/wp-json\/wp\/v2\/posts"}],"about":[{"href":"https:\/\/universidadedacapoeira.com\/index.php\/wp-json\/wp\/v2\/types\/post"}],"author":[{"embeddable":true,"href":"https:\/\/universidadedacapoeira.com\/index.php\/wp-json\/wp\/v2\/users\/2"}],"replies":[{"embeddable":true,"href":"https:\/\/universidadedacapoeira.com\/index.php\/wp-json\/wp\/v2\/comments?post=8711"}],"version-history":[{"count":1,"href":"https:\/\/universidadedacapoeira.com\/index.php\/wp-json\/wp\/v2\/posts\/8711\/revisions"}],"predecessor-version":[{"id":8713,"href":"https:\/\/universidadedacapoeira.com\/index.php\/wp-json\/wp\/v2\/posts\/8711\/revisions\/8713"}],"wp:featuredmedia":[{"embeddable":true,"href":"https:\/\/universidadedacapoeira.com\/index.php\/wp-json\/wp\/v2\/media\/8714"}],"wp:attachment":[{"href":"https:\/\/universidadedacapoeira.com\/index.php\/wp-json\/wp\/v2\/media?parent=8711"}],"wp:term":[{"taxonomy":"category","embeddable":true,"href":"https:\/\/universidadedacapoeira.com\/index.php\/wp-json\/wp\/v2\/categories?post=8711"},{"taxonomy":"post_tag","embeddable":true,"href":"https:\/\/universidadedacapoeira.com\/index.php\/wp-json\/wp\/v2\/tags?post=8711"}],"curies":[{"name":"wp","href":"https:\/\/api.w.org\/{rel}","templated":true}]}}