{"id":8532,"date":"2024-03-25T18:52:49","date_gmt":"2024-03-25T21:52:49","guid":{"rendered":"http:\/\/universidadedacapoeira.com\/?p=8532"},"modified":"2024-03-27T17:01:30","modified_gmt":"2024-03-27T20:01:30","slug":"homenagem-ao-serjao-eduardo-evangelista-dos-santos-xico-francisco-teixeira-capoeira-mestre-ase-dudu-faustino-teixeira-marialu-joao-estevao-teixeira-cuitelinho-renato-teixeira-de-oliveira-e","status":"publish","type":"post","link":"https:\/\/universidadedacapoeira.com\/index.php\/2024\/03\/25\/homenagem-ao-serjao-eduardo-evangelista-dos-santos-xico-francisco-teixeira-capoeira-mestre-ase-dudu-faustino-teixeira-marialu-joao-estevao-teixeira-cuitelinho-renato-teixeira-de-oliveira-e\/","title":{"rendered":"Homenagem ao Serj\u00e3o Eduardo Evangelista dos Santos: Xico &#8211; Francisco Teixeira, Capoeira Mestre As\u00e8 Dud\u00fa &#8211; Faustino Teixeira, Marial\u00fa, Jo\u00e3o, Est\u00eav\u00e3o Teixeira. Cuitelinho &#8211; Renato Teixeira de Oliveira e Sergio Ravini Reis. Tig\u00fc\u00e9ra 360, Juiz de Fora. IMG_9311. 701,3 GB. 15h52. 14Fev24."},"content":{"rendered":"\n<figure class=\"wp-block-embed is-type-video is-provider-youtube wp-block-embed-youtube wp-embed-aspect-16-9 wp-has-aspect-ratio\"><div class=\"wp-block-embed__wrapper\">\n<iframe loading=\"lazy\" title=\"Serj\u00e3o Eduardo Evangelista dos Santos: Xico, Dudu, Marial\u00fa, Jo\u00e3o, Est\u00eav\u00e3o Teixeira. IMG_9311\/14Fev24\" width=\"500\" height=\"281\" src=\"https:\/\/www.youtube.com\/embed\/eYun_t6uusE?feature=oembed\" frameborder=\"0\" allow=\"accelerometer; autoplay; clipboard-write; encrypted-media; gyroscope; picture-in-picture; web-share\" referrerpolicy=\"strict-origin-when-cross-origin\" allowfullscreen><\/iframe>\n<\/div><\/figure>\n","protected":false},"excerpt":{"rendered":"<p>Homenagem ao Serj\u00e3o Eduardo Evangelista dos Santos: Xico &#8211; Francisco de Assis Couto Teixeira, Capoeira Mestre As\u00e8 Dud\u00fa &#8211; Faustino Luiz Couto Teixeira, Marial\u00fa, Jo\u00e3o, Est\u00eav\u00e3o Teixeira. Cuitelinho &#8211; Renato Teixeira de Oliveira e Sergio Ravini Reis. Sala de Entrar, Tig\u00fc\u00e9ra 360, Juiz de Fora, Minas Gerais\/MG, Brasil. Registro de Capoeira Mestre Pol\u00eamico &#8211; Professor Jo\u00e3o Couto Teixeira. IMG_9311. 701,3 GB. 15h52. Quarta-feira, 14 de Fevereiro de 2024. HD 1080p.<br \/>\nUniversidade Livre de Estudos Culturais da Capoeira &#8211; Universidade da Capoeira &#8211; UNICAPOEIRA, Instituto de Educa\u00e7\u00e3o Socioambiental &#8211; IESAMBI, Associa\u00e7\u00e3o de Capoeira &#8211; ASCA e Grupo de Capoeira MEIA LUA &#8211; Fundado Ter\u00e7a-feira, 29 de Maio de 1962.<\/p>\n<p>Seja membro deste canal e ganhe benef\u00edcios:<br \/>\nhttps:\/\/www.youtube.com\/channel\/UCE6HrA5Y_VZ4-hgw8FG13aw\/join<\/p>\n","protected":false},"author":2,"featured_media":8533,"comment_status":"open","ping_status":"open","sticky":false,"template":"","format":"standard","meta":{"footnotes":""},"categories":[4741],"tags":[2605,7346,7698,7697,6114,7696,7137,7700,236,2356,3360,519,7699,7136,411,2098],"class_list":["post-8532","post","type-post","status-publish","format-standard","has-post-thumbnail","hentry","category-familia","tag-associacao-de-capoeira-asca","tag-capoeira-mestre-ase-dudu-faustino-luiz-couto-teixeira-3","tag-cuitelinho-renato-teixeira-de-oliveira-e-sergio-ravini-reis","tag-estevao-teixeira","tag-grupo-de-capoeira-meia-lua-fundado-terca-feira-29-de-maio-de-1962","tag-homenagem-ao-serjao-eduardo-evangelista-dos-santos","tag-https-www-youtube-com-channel-uce6hra5y_vz4-hgw8fg13aw-join","tag-img_9311-701-3-gb-15h52-quarta-feira-14-de-fevereiro-de-2024","tag-instituto-de-educacao-socioambiental-iesambi","tag-marialu","tag-mestre-polemico","tag-registro-de-capoeira-mestre-polemico-professor-joao-couto-teixeira","tag-sala-de-entrar-tiguera-360-juiz-de-fora-minas-gerais-mg-brasil","tag-seja-membro-deste-canal-e-ganhe-beneficios","tag-universidade-livre-de-estudos-culturais-da-capoeira-universidade-da-capoeira-unicapoeira","tag-xico-francisco-de-assis-couto-teixeira-2"],"_links":{"self":[{"href":"https:\/\/universidadedacapoeira.com\/index.php\/wp-json\/wp\/v2\/posts\/8532","targetHints":{"allow":["GET"]}}],"collection":[{"href":"https:\/\/universidadedacapoeira.com\/index.php\/wp-json\/wp\/v2\/posts"}],"about":[{"href":"https:\/\/universidadedacapoeira.com\/index.php\/wp-json\/wp\/v2\/types\/post"}],"author":[{"embeddable":true,"href":"https:\/\/universidadedacapoeira.com\/index.php\/wp-json\/wp\/v2\/users\/2"}],"replies":[{"embeddable":true,"href":"https:\/\/universidadedacapoeira.com\/index.php\/wp-json\/wp\/v2\/comments?post=8532"}],"version-history":[{"count":1,"href":"https:\/\/universidadedacapoeira.com\/index.php\/wp-json\/wp\/v2\/posts\/8532\/revisions"}],"predecessor-version":[{"id":8534,"href":"https:\/\/universidadedacapoeira.com\/index.php\/wp-json\/wp\/v2\/posts\/8532\/revisions\/8534"}],"wp:featuredmedia":[{"embeddable":true,"href":"https:\/\/universidadedacapoeira.com\/index.php\/wp-json\/wp\/v2\/media\/8533"}],"wp:attachment":[{"href":"https:\/\/universidadedacapoeira.com\/index.php\/wp-json\/wp\/v2\/media?parent=8532"}],"wp:term":[{"taxonomy":"category","embeddable":true,"href":"https:\/\/universidadedacapoeira.com\/index.php\/wp-json\/wp\/v2\/categories?post=8532"},{"taxonomy":"post_tag","embeddable":true,"href":"https:\/\/universidadedacapoeira.com\/index.php\/wp-json\/wp\/v2\/tags?post=8532"}],"curies":[{"name":"wp","href":"https:\/\/api.w.org\/{rel}","templated":true}]}}