{"id":8445,"date":"2023-12-21T14:38:35","date_gmt":"2023-12-21T17:38:35","guid":{"rendered":"http:\/\/universidadedacapoeira.com\/?p=8445"},"modified":"2023-12-21T14:38:35","modified_gmt":"2023-12-21T17:38:35","slug":"missa-apostols-da-oracao-ao-sagrado-coracao-de-jesus-padre-luiz-carlos-ministra-maria-angelica-acolhida-adelia-leitura-ministra-maria-helena-salmo-dn-3-louvai-o-e-exalltai-o-pelos-seculos-se","status":"publish","type":"post","link":"https:\/\/universidadedacapoeira.com\/index.php\/2023\/12\/21\/missa-apostols-da-oracao-ao-sagrado-coracao-de-jesus-padre-luiz-carlos-ministra-maria-angelica-acolhida-adelia-leitura-ministra-maria-helena-salmo-dn-3-louvai-o-e-exalltai-o-pelos-seculos-se\/","title":{"rendered":"Missa. Ap\u00f3stol@s da Ora\u00e7\u00e3o ao Sagrado Cora\u00e7\u00e3o de Jesus. Padre Luiz Carlos. Ministra Maria Ang\u00e9lica. Acolhida Ad\u00e9lia. Leitura Ministra Maria Helena. Salmo DN 3 &#8211; Louvai-o e Exalltai-o, pelos S\u00e9culos Sem Fim! &#8211; Mestre Pol\u00eamico. Preces da Comunidade Rosenei. Igreja Nossa Senhora M\u00e3e de Deus, Juiz de Fora. IMG_9298. 4,82 GB. 15h00. 01Dez23."},"content":{"rendered":"\n<figure class=\"wp-block-embed is-type-video is-provider-youtube wp-block-embed-youtube wp-embed-aspect-16-9 wp-has-aspect-ratio\"><div class=\"wp-block-embed__wrapper\">\n<iframe loading=\"lazy\" title=\"Missa: Ap\u00f3stl@s da Ora\u00e7\u00e3o ao Sagrado Cora\u00e7\u00e3o de Jesus. Padre Luiz Carlos. IMG_9298. 4,82 GB. 01Dez23\" width=\"500\" height=\"281\" src=\"https:\/\/www.youtube.com\/embed\/UmmGcMsbPAw?feature=oembed\" frameborder=\"0\" allow=\"accelerometer; autoplay; clipboard-write; encrypted-media; gyroscope; picture-in-picture; web-share\" referrerpolicy=\"strict-origin-when-cross-origin\" allowfullscreen><\/iframe>\n<\/div><\/figure>\n","protected":false},"excerpt":{"rendered":"<p>Celebra\u00e7\u00e3o Eucar\u00edstica. Ap\u00f3stol@s da Ora\u00e7\u00e3o ao Sagrado Cora\u00e7\u00e3o de Jesus. Padre Luiz Carlos Vit\u00f3rio. Ministra Extraordin\u00e1ria da Sagrada Comunh\u00e3o Maria Ang\u00e9lica A. de Moraes Tavares. Acolhida Ad\u00e9lia Fernandes. Leitura Ministra Extraordin\u00e1ria da Sagrada Comunh\u00e3o Maria Helena F. Costa. Salmo DN 3 &#8211; Louvai-o e Exalltai-o, pelos S\u00e9culos Sem Fim! &#8211; Mestre Pol\u00eamico. Preces da Comunidade Rosenei Freitas F. Fonseca. Igreja Nossa Senhora M\u00e3e de Deus, Bairro Nossa Senhora de Lourdes, Juiz de Fora, Minas Gerais\/MG, Brasil. Registro de Capoeira Mestre Pol\u00eamico &#8211; Professor Jo\u00e3o Couto Teixeira. IMG_9298. 4,82 GB. 15h00. Sexta-feira, 01 de Dezembro de 2023. HD 1080p.<br \/>\nUniversidade Livre de Estudos Culturais da Capoeira &#8211; Universidade da Capoeira &#8211; UNICAPOEIRA, Instituto de Educa\u00e7\u00e3o Socioambiental &#8211; IESAMBI, Associa\u00e7\u00e3o de Capoeira &#8211; ASCA e Grupo de Capoeira MEIA LUA &#8211; Fundado Ter\u00e7a-feira, 29 de Maio de 1962.<\/p>\n<p>Seja membro deste canal e ganhe benef\u00edcios:<br \/>\nhttps:\/\/www.youtube.com\/channel\/UCE6HrA5Y_VZ4-hgw8FG13aw\/join<\/p>\n","protected":false},"author":2,"featured_media":8446,"comment_status":"open","ping_status":"open","sticky":false,"template":"","format":"video","meta":{"footnotes":""},"categories":[4674],"tags":[1217,7570,6791,6457,2605,942,43,1010,6114,1742,4196,7569,236,55,7567,237,5871,4468,7568,7024,519,7564,6483,7566,411],"class_list":["post-8445","post","type-post","status-publish","format-video","has-post-thumbnail","hentry","category-celebracao-eucaristica","tag-15h00","tag-4-82-gb","tag-acolhida-adelia-fernandes","tag-apostols-da-oracao-ao-sagrado-coracao-de-jesus","tag-associacao-de-capoeira-asca","tag-bairro-nossa-senhora-de-lourdes","tag-brasil","tag-celebracao-eucaristica","tag-grupo-de-capoeira-meia-lua-fundado-terca-feira-29-de-maio-de-1962","tag-hd-1080p","tag-igreja-nossa-senhora-mae-de-deus","tag-img_9298","tag-instituto-de-educacao-socioambiental-iesambi","tag-juiz-de-fora","tag-leitura-ministra-extraordinaria-da-sagrada-comunhao-maria-helena-f-costa","tag-minas-gerais-mg-3","tag-ministra-extraordinaria-da-sagrada-comunhao-maria-angelica-a-de-moraes-tavares","tag-padre-luiz-carlos-vitorio","tag-pelos-seculos-sem-fim-mestre-polemico","tag-preces-da-comunidade-rosenei-freitas-f-fonseca","tag-registro-de-capoeira-mestre-polemico-professor-joao-couto-teixeira","tag-salmo-dn-3-louvai-o-e-exalltai-o","tag-seja-membro-deste-canal-e-ganhe-beneficios-https-www-youtube-com-channel-uce6hra5y_vz4-hgw8fg13aw-join","tag-sexta-feira-01-de-dezembro-de-2023","tag-universidade-livre-de-estudos-culturais-da-capoeira-universidade-da-capoeira-unicapoeira","post_format-post-format-video"],"_links":{"self":[{"href":"https:\/\/universidadedacapoeira.com\/index.php\/wp-json\/wp\/v2\/posts\/8445","targetHints":{"allow":["GET"]}}],"collection":[{"href":"https:\/\/universidadedacapoeira.com\/index.php\/wp-json\/wp\/v2\/posts"}],"about":[{"href":"https:\/\/universidadedacapoeira.com\/index.php\/wp-json\/wp\/v2\/types\/post"}],"author":[{"embeddable":true,"href":"https:\/\/universidadedacapoeira.com\/index.php\/wp-json\/wp\/v2\/users\/2"}],"replies":[{"embeddable":true,"href":"https:\/\/universidadedacapoeira.com\/index.php\/wp-json\/wp\/v2\/comments?post=8445"}],"version-history":[{"count":1,"href":"https:\/\/universidadedacapoeira.com\/index.php\/wp-json\/wp\/v2\/posts\/8445\/revisions"}],"predecessor-version":[{"id":8447,"href":"https:\/\/universidadedacapoeira.com\/index.php\/wp-json\/wp\/v2\/posts\/8445\/revisions\/8447"}],"wp:featuredmedia":[{"embeddable":true,"href":"https:\/\/universidadedacapoeira.com\/index.php\/wp-json\/wp\/v2\/media\/8446"}],"wp:attachment":[{"href":"https:\/\/universidadedacapoeira.com\/index.php\/wp-json\/wp\/v2\/media?parent=8445"}],"wp:term":[{"taxonomy":"category","embeddable":true,"href":"https:\/\/universidadedacapoeira.com\/index.php\/wp-json\/wp\/v2\/categories?post=8445"},{"taxonomy":"post_tag","embeddable":true,"href":"https:\/\/universidadedacapoeira.com\/index.php\/wp-json\/wp\/v2\/tags?post=8445"}],"curies":[{"name":"wp","href":"https:\/\/api.w.org\/{rel}","templated":true}]}}