{"id":8433,"date":"2023-12-21T13:13:11","date_gmt":"2023-12-21T16:13:11","guid":{"rendered":"http:\/\/universidadedacapoeira.com\/?p=8433"},"modified":"2023-12-21T13:13:12","modified_gmt":"2023-12-21T16:13:12","slug":"mestre-tirano-e-convidados-roda-de-mestres-juiz-de-fora-img_9283-101-gb-16h04-25nov23","status":"publish","type":"post","link":"https:\/\/universidadedacapoeira.com\/index.php\/2023\/12\/21\/mestre-tirano-e-convidados-roda-de-mestres-juiz-de-fora-img_9283-101-gb-16h04-25nov23\/","title":{"rendered":"Mestre Tirano e Convidados. Roda de Mestres. Juiz de Fora. IMG_9283. 10,1 GB. 16h04. 25Nov23."},"content":{"rendered":"\n<figure class=\"wp-block-embed is-type-video is-provider-youtube wp-block-embed-youtube wp-embed-aspect-16-9 wp-has-aspect-ratio\"><div class=\"wp-block-embed__wrapper\">\n<iframe loading=\"lazy\" title=\"UNICAPOEIRA Mestre Tirano - Sidnei Teixeira Gaspar. Roda Mestres. Espa\u00e7o Dnar Rocha. 10 GB. 25Nov23\" width=\"500\" height=\"281\" src=\"https:\/\/www.youtube.com\/embed\/qDd9MMLbvFY?feature=oembed\" frameborder=\"0\" allow=\"accelerometer; autoplay; clipboard-write; encrypted-media; gyroscope; picture-in-picture; web-share\" referrerpolicy=\"strict-origin-when-cross-origin\" allowfullscreen><\/iframe>\n<\/div><\/figure>\n","protected":false},"excerpt":{"rendered":"<p>Mestre Tirano &#8211; Sidnei Teixeira Gaspar e Convidados. Roda de Mestres. Espa\u00e7o Cultural Dnar Rocha, Rua Mariano Proc\u00f3pio, N\u00famero 973, CEP 36.035-780, Juiz de Fora, Minas Gerais\/MG, Brasil. Registro de Capoeira Mestre Avatar &#8211; Giovanni Diomedson de Andrade. IMG_9283. 10,1 GB. 16h04. S\u00e1bado, 25 de Novembro de 2023. HD 1080p.<br \/>\nUniversidade Livre de Estudos Culturais da Capoeira &#8211; Universidade da Capoeira &#8211; UNICAPOEIRA, Instituto de Educa\u00e7\u00e3o Socioambiental &#8211; IESAMBI, Associa\u00e7\u00e3o de Capoeira &#8211; ASCA e Grupo de Capoeira MEIA LUA &#8211; Fundado Segunda-feira, 30 de Maio de 1962.<\/p>\n<p>Seja membro deste canal e ganhe benef\u00edcios:<br \/>\nhttps:\/\/www.youtube.com\/channel\/UCE6HrA5Y_VZ4-hgw8FG13aw\/join<\/p>\n","protected":false},"author":2,"featured_media":8434,"comment_status":"open","ping_status":"open","sticky":false,"template":"","format":"video","meta":{"footnotes":""},"categories":[4729],"tags":[7548,7524,2605,43,2282,7516,7396,1742,7522,236,55,5294,237,7542,7546,7520,6483,411],"class_list":["post-8433","post","type-post","status-publish","format-video","has-post-thumbnail","hentry","category-capoeira","tag-10-1-gb","tag-16h04","tag-associacao-de-capoeira-asca","tag-brasil","tag-convidados","tag-espaco-cultural-dnar-rocha-rua-mariano-procopio-numero-973-cep-36-035-780","tag-grupo-de-capoeira-meia-lua-fundado-segunda-feira-30-de-maio-de-1962","tag-hd-1080p","tag-img_9283","tag-instituto-de-educacao-socioambiental-iesambi","tag-juiz-de-fora","tag-mestre-tirano-sidnei-teixeira-gaspar","tag-minas-gerais-mg-3","tag-registro-de-capoeira-mestre-avatar-giovanni-diomedson-de-andrade","tag-roda-de-mestres","tag-sabado-25-de-novembro-de-2023","tag-seja-membro-deste-canal-e-ganhe-beneficios-https-www-youtube-com-channel-uce6hra5y_vz4-hgw8fg13aw-join","tag-universidade-livre-de-estudos-culturais-da-capoeira-universidade-da-capoeira-unicapoeira","post_format-post-format-video"],"_links":{"self":[{"href":"https:\/\/universidadedacapoeira.com\/index.php\/wp-json\/wp\/v2\/posts\/8433","targetHints":{"allow":["GET"]}}],"collection":[{"href":"https:\/\/universidadedacapoeira.com\/index.php\/wp-json\/wp\/v2\/posts"}],"about":[{"href":"https:\/\/universidadedacapoeira.com\/index.php\/wp-json\/wp\/v2\/types\/post"}],"author":[{"embeddable":true,"href":"https:\/\/universidadedacapoeira.com\/index.php\/wp-json\/wp\/v2\/users\/2"}],"replies":[{"embeddable":true,"href":"https:\/\/universidadedacapoeira.com\/index.php\/wp-json\/wp\/v2\/comments?post=8433"}],"version-history":[{"count":1,"href":"https:\/\/universidadedacapoeira.com\/index.php\/wp-json\/wp\/v2\/posts\/8433\/revisions"}],"predecessor-version":[{"id":8435,"href":"https:\/\/universidadedacapoeira.com\/index.php\/wp-json\/wp\/v2\/posts\/8433\/revisions\/8435"}],"wp:featuredmedia":[{"embeddable":true,"href":"https:\/\/universidadedacapoeira.com\/index.php\/wp-json\/wp\/v2\/media\/8434"}],"wp:attachment":[{"href":"https:\/\/universidadedacapoeira.com\/index.php\/wp-json\/wp\/v2\/media?parent=8433"}],"wp:term":[{"taxonomy":"category","embeddable":true,"href":"https:\/\/universidadedacapoeira.com\/index.php\/wp-json\/wp\/v2\/categories?post=8433"},{"taxonomy":"post_tag","embeddable":true,"href":"https:\/\/universidadedacapoeira.com\/index.php\/wp-json\/wp\/v2\/tags?post=8433"}],"curies":[{"name":"wp","href":"https:\/\/api.w.org\/{rel}","templated":true}]}}