{"id":8421,"date":"2023-12-21T11:34:37","date_gmt":"2023-12-21T14:34:37","guid":{"rendered":"http:\/\/universidadedacapoeira.com\/?p=8421"},"modified":"2023-12-21T11:34:37","modified_gmt":"2023-12-21T14:34:37","slug":"unicapoeira-meia-lua-senzala-mestrs-polemico-boca-senzala-cabeca-cabeleira-sandrinha-cesar-sardinha-raquel-tiu-e-preto-entrega-de-cordel-de-mestre-branco-e-verde-a-avatar-mestres-amorim","status":"publish","type":"post","link":"https:\/\/universidadedacapoeira.com\/index.php\/2023\/12\/21\/unicapoeira-meia-lua-senzala-mestrs-polemico-boca-senzala-cabeca-cabeleira-sandrinha-cesar-sardinha-raquel-tiu-e-preto-entrega-de-cordel-de-mestre-branco-e-verde-a-avatar-mestres-amorim\/","title":{"rendered":"UNICAPOEIRA MEIA LUA\/SENZALA &#8211; Mestr@s Pol\u00eamico, Boca Senzala, Cabe\u00e7a, Cabeleira, Sandrinha, C\u00e9sar, Sardinha, Raquel, Ti\u00fa e Preto. Entrega de Cordel de Mestre Branco e Verde a Avatar. Mestres Amorim, Can Can e J\u00f3virson. Juiz de Fora. IMG_9200. 6,09 GB. 18h52. 30Out23."},"content":{"rendered":"\n<figure class=\"wp-block-embed is-type-video is-provider-youtube wp-block-embed-youtube wp-embed-aspect-16-9 wp-has-aspect-ratio\"><div class=\"wp-block-embed__wrapper\">\n<iframe loading=\"lazy\" title=\"UNICAPOEIRA MEIA LUA\/SENZALA: Mestres Pol\u00eamico e Boca. Tig\u00fc\u00e9ra 360, Brasil. IMG_9200. 6 GB. 30Out23\" width=\"500\" height=\"281\" src=\"https:\/\/www.youtube.com\/embed\/orwaAX1pwpM?feature=oembed\" frameborder=\"0\" allow=\"accelerometer; autoplay; clipboard-write; encrypted-media; gyroscope; picture-in-picture; web-share\" referrerpolicy=\"strict-origin-when-cross-origin\" allowfullscreen><\/iframe>\n<\/div><\/figure>\n","protected":false},"excerpt":{"rendered":"<p>UNICAPOEIRA MEIA LUA\/SENZALA &#8211; Mestr@s Pol\u00eamico, Boca Senzala &#8211; Humberto Barbosa de Sousa, Cabe\u00e7a, Cabeleira, Sandrinha, C\u00e9sar, Sardinha, Raquel, Ti\u00fa e Preto. T\u00e9cnico de \u00c1udio Jeder. Produ\u00e7\u00e3o, Fotos e Arte Final Abelardo Barbosa. Gravado ao Vivo no Est\u00fadio Novo Tempo, em novembro de 1999. Entrega de Cordel de Mestre Branco e Verde a Avatar &#8211; Giovanni Diomedson de Andrade &#8211; Mestres Alexandre Jos\u00e9 Ribeiro de Amorim, Can Can &#8211; Alexandre Juan Rabelo e J\u00f3virson Milagres. Rua Porf\u00edrio Barbosa de Albuquerque, 316, CEP 36.033-010, Bairro Teixeiras, Juiz de Fora, Minas Gerais\/MG, Brasil. Registro de Capoeira Mestre Pol\u00eamico &#8211; Professor Jo\u00e3o Couto Teixeira. IMG_9200. 6,09 GB. 18h52. Segunda-feira, 30 de Outubro de 2023. HD 1080p.<br \/>\nUniversidade Livre de Estudos Culturais da Capoeira &#8211; Universidade da Capoeira &#8211; UNICAPOEIRA, Instituto de Educa\u00e7\u00e3o Socioambiental &#8211; IESAMBI, Associa\u00e7\u00e3o de Capoeira &#8211; ASCA e Grupo de Capoeira MEIA LUA &#8211; Fundado Ter\u00e7a-feira, 29 de Maio de 1962.<\/p>\n<p>Seja membro deste canal e ganhe benef\u00edcios:<br \/>\nhttps:\/\/www.youtube.com\/channel\/UCE6HrA5Y_VZ4-hgw8FG13aw\/join<\/p>\n","protected":false},"author":2,"featured_media":8422,"comment_status":"open","ping_status":"open","sticky":false,"template":"","format":"video","meta":{"footnotes":""},"categories":[4677],"tags":[682,6549,2605,160,43,7537,7539,6114,1742,2235,236,55,7535,7538,237,519,7540,7377,6483,7536,7534,411],"class_list":["post-8421","post","type-post","status-publish","format-video","has-post-thumbnail","hentry","category-grupo-de-capoeira-meia-lua","tag-18h52","tag-6-09-gb","tag-associacao-de-capoeira-asca","tag-bairro-teixeiras","tag-brasil","tag-entrega-de-cordel-de-mestre-branco-e-verde-a-avatar-giovanni-diomedson-de-andrade","tag-gravado-ao-vivo-no-estudio-novo-tempo-em-novembro-de-1999","tag-grupo-de-capoeira-meia-lua-fundado-terca-feira-29-de-maio-de-1962","tag-hd-1080p","tag-img_9200","tag-instituto-de-educacao-socioambiental-iesambi","tag-juiz-de-fora","tag-mestrs-polemico-boca-senzala-humberto-barbosa-de-sousa-cabeca-cabeleira-sandrinha-cesar-sardinha-raquel-tiu-e-preto","tag-mestres-alexandre-jose-ribeiro-de-amorim-can-can-alexandre-juan-rabelo-e-jovirson-milagres","tag-minas-gerais-mg-3","tag-registro-de-capoeira-mestre-polemico-professor-joao-couto-teixeira","tag-rua-porfirio-barbosa-de-albuquerque-numero-316-cep-36-033-010","tag-segunda-feira-30-de-outubro-de-2023","tag-seja-membro-deste-canal-e-ganhe-beneficios-https-www-youtube-com-channel-uce6hra5y_vz4-hgw8fg13aw-join","tag-tecnico-de-audio-jeder-producao-fotos-e-arte-final-abelardo-barbosa","tag-unicapoeira-meia-lua-senzala","tag-universidade-livre-de-estudos-culturais-da-capoeira-universidade-da-capoeira-unicapoeira","post_format-post-format-video"],"_links":{"self":[{"href":"https:\/\/universidadedacapoeira.com\/index.php\/wp-json\/wp\/v2\/posts\/8421","targetHints":{"allow":["GET"]}}],"collection":[{"href":"https:\/\/universidadedacapoeira.com\/index.php\/wp-json\/wp\/v2\/posts"}],"about":[{"href":"https:\/\/universidadedacapoeira.com\/index.php\/wp-json\/wp\/v2\/types\/post"}],"author":[{"embeddable":true,"href":"https:\/\/universidadedacapoeira.com\/index.php\/wp-json\/wp\/v2\/users\/2"}],"replies":[{"embeddable":true,"href":"https:\/\/universidadedacapoeira.com\/index.php\/wp-json\/wp\/v2\/comments?post=8421"}],"version-history":[{"count":1,"href":"https:\/\/universidadedacapoeira.com\/index.php\/wp-json\/wp\/v2\/posts\/8421\/revisions"}],"predecessor-version":[{"id":8423,"href":"https:\/\/universidadedacapoeira.com\/index.php\/wp-json\/wp\/v2\/posts\/8421\/revisions\/8423"}],"wp:featuredmedia":[{"embeddable":true,"href":"https:\/\/universidadedacapoeira.com\/index.php\/wp-json\/wp\/v2\/media\/8422"}],"wp:attachment":[{"href":"https:\/\/universidadedacapoeira.com\/index.php\/wp-json\/wp\/v2\/media?parent=8421"}],"wp:term":[{"taxonomy":"category","embeddable":true,"href":"https:\/\/universidadedacapoeira.com\/index.php\/wp-json\/wp\/v2\/categories?post=8421"},{"taxonomy":"post_tag","embeddable":true,"href":"https:\/\/universidadedacapoeira.com\/index.php\/wp-json\/wp\/v2\/tags?post=8421"}],"curies":[{"name":"wp","href":"https:\/\/api.w.org\/{rel}","templated":true}]}}