{"id":8406,"date":"2023-12-21T09:34:49","date_gmt":"2023-12-21T12:34:49","guid":{"rendered":"http:\/\/universidadedacapoeira.com\/?p=8406"},"modified":"2023-12-21T09:34:50","modified_gmt":"2023-12-21T12:34:50","slug":"mestre-tirano-e-convidados-juiz-de-fora-img_9281-1781-gb-13h42-25nov23","status":"publish","type":"post","link":"https:\/\/universidadedacapoeira.com\/index.php\/2023\/12\/21\/mestre-tirano-e-convidados-juiz-de-fora-img_9281-1781-gb-13h42-25nov23\/","title":{"rendered":"Mestre Tirano e Convidados. Juiz de Fora. IMG_9281. 17,81 GB. 13h42. 25Nov23."},"content":{"rendered":"\n<figure class=\"wp-block-embed is-type-video is-provider-youtube wp-block-embed-youtube wp-embed-aspect-16-9 wp-has-aspect-ratio\"><div class=\"wp-block-embed__wrapper\">\n<iframe loading=\"lazy\" title=\"UNICAPOEIRA Mestre Tirano - Sidnei Teixeira Gaspar e Con: Espa\u00e7o Cultural Dnar Rocha. 18 GB. 25Nov23\" width=\"500\" height=\"281\" src=\"https:\/\/www.youtube.com\/embed\/1YGP4YQMBuo?feature=oembed\" frameborder=\"0\" allow=\"accelerometer; autoplay; clipboard-write; encrypted-media; gyroscope; picture-in-picture; web-share\" referrerpolicy=\"strict-origin-when-cross-origin\" allowfullscreen><\/iframe>\n<\/div><\/figure>\n","protected":false},"excerpt":{"rendered":"<p>Mestre Tirano &#8211; Sidnei Teixeira Gaspar e Convidados Espa\u00e7o Cultural Dnar Rocha, Rua Mariano Proc\u00f3pio, N\u00famero 973, CEP 36.035-780, Juiz de Fora, Minas Gerais\/MG, Brasil. Registro de Capoeira Mestre Pol\u00eamico &#8211; Professor Jo\u00e3o Couto Teixeira. IMG_9281\/12\/3525\/6\/7. 17,81 GB. 13h42\/15h39\/16h20. S\u00e1bado, 25 de Novembro de 2023. HD 1080p.<br \/>\nUniversidade Livre de Estudos Culturais da Capoeira &#8211; Universidade da Capoeira &#8211; UNICAPOEIRA, Instituto de Educa\u00e7\u00e3o Socioambiental &#8211; IESAMBI, Associa\u00e7\u00e3o de Capoeira &#8211; ASCA e Grupo de Capoeira MEIA LUA &#8211; Fundado Segunda-feira, 30 de Maio de 1962.<\/p>\n<p>Seja membro deste canal e ganhe benef\u00edcios:<br \/>\nhttps:\/\/www.youtube.com\/channel\/UCE6HrA5Y_VZ4-hgw8FG13aw\/join<\/p>\n","protected":false},"author":2,"featured_media":8407,"comment_status":"open","ping_status":"open","sticky":false,"template":"","format":"video","meta":{"footnotes":""},"categories":[4729],"tags":[7519,5835,2605,43,7516,7396,1742,7518,236,55,7517,237,519,7520,6483,411],"class_list":["post-8406","post","type-post","status-publish","format-video","has-post-thumbnail","hentry","category-capoeira","tag-13h42-15h39-16h20","tag-17-81-gb","tag-associacao-de-capoeira-asca","tag-brasil","tag-espaco-cultural-dnar-rocha-rua-mariano-procopio-numero-973-cep-36-035-780","tag-grupo-de-capoeira-meia-lua-fundado-segunda-feira-30-de-maio-de-1962","tag-hd-1080p","tag-img_9281-12-3525-6-7","tag-instituto-de-educacao-socioambiental-iesambi","tag-juiz-de-fora","tag-mestre-tirano-sidnei-teixeira-gaspar-e-convidados","tag-minas-gerais-mg-3","tag-registro-de-capoeira-mestre-polemico-professor-joao-couto-teixeira","tag-sabado-25-de-novembro-de-2023","tag-seja-membro-deste-canal-e-ganhe-beneficios-https-www-youtube-com-channel-uce6hra5y_vz4-hgw8fg13aw-join","tag-universidade-livre-de-estudos-culturais-da-capoeira-universidade-da-capoeira-unicapoeira","post_format-post-format-video"],"_links":{"self":[{"href":"https:\/\/universidadedacapoeira.com\/index.php\/wp-json\/wp\/v2\/posts\/8406","targetHints":{"allow":["GET"]}}],"collection":[{"href":"https:\/\/universidadedacapoeira.com\/index.php\/wp-json\/wp\/v2\/posts"}],"about":[{"href":"https:\/\/universidadedacapoeira.com\/index.php\/wp-json\/wp\/v2\/types\/post"}],"author":[{"embeddable":true,"href":"https:\/\/universidadedacapoeira.com\/index.php\/wp-json\/wp\/v2\/users\/2"}],"replies":[{"embeddable":true,"href":"https:\/\/universidadedacapoeira.com\/index.php\/wp-json\/wp\/v2\/comments?post=8406"}],"version-history":[{"count":1,"href":"https:\/\/universidadedacapoeira.com\/index.php\/wp-json\/wp\/v2\/posts\/8406\/revisions"}],"predecessor-version":[{"id":8408,"href":"https:\/\/universidadedacapoeira.com\/index.php\/wp-json\/wp\/v2\/posts\/8406\/revisions\/8408"}],"wp:featuredmedia":[{"embeddable":true,"href":"https:\/\/universidadedacapoeira.com\/index.php\/wp-json\/wp\/v2\/media\/8407"}],"wp:attachment":[{"href":"https:\/\/universidadedacapoeira.com\/index.php\/wp-json\/wp\/v2\/media?parent=8406"}],"wp:term":[{"taxonomy":"category","embeddable":true,"href":"https:\/\/universidadedacapoeira.com\/index.php\/wp-json\/wp\/v2\/categories?post=8406"},{"taxonomy":"post_tag","embeddable":true,"href":"https:\/\/universidadedacapoeira.com\/index.php\/wp-json\/wp\/v2\/tags?post=8406"}],"curies":[{"name":"wp","href":"https:\/\/api.w.org\/{rel}","templated":true}]}}