{"id":8388,"date":"2023-12-20T20:40:29","date_gmt":"2023-12-20T23:40:29","guid":{"rendered":"http:\/\/universidadedacapoeira.com\/?p=8388"},"modified":"2023-12-20T20:40:30","modified_gmt":"2023-12-20T23:40:30","slug":"celebracao-eucaristica-e-exposicao-de-reliquias-do-ano-arquidiocesano-vocacional-e-mariano-padre-luiz-carlos-diacono-marcio-ministrs-ana-maria-e-antonio-acolhida-adelia-leituras-sebastiao-e-clau","status":"publish","type":"post","link":"https:\/\/universidadedacapoeira.com\/index.php\/2023\/12\/20\/celebracao-eucaristica-e-exposicao-de-reliquias-do-ano-arquidiocesano-vocacional-e-mariano-padre-luiz-carlos-diacono-marcio-ministrs-ana-maria-e-antonio-acolhida-adelia-leituras-sebastiao-e-clau\/","title":{"rendered":"Celebra\u00e7\u00e3o Eucar\u00edstica e Exposi\u00e7\u00e3o de Rel\u00edquias do Ano Arquidiocesano Vocacional e Mariano. Padre Luiz Carlos. Di\u00e1cono M\u00e1rcio. Ministr@s Ana Maria e Ant\u00f4nio. Acolhida Ad\u00e9lia. Leituras Sebasti\u00e3o e Cl\u00e1udio. Salmo &#8211; 127 &#8211; Felizes os que Temem o Senhor e Trilham Seus Caminhos &#8211; Mestre Pol\u00eamico. Preces da Comunidade Dagnaldo. M\u00fasica Luiz e Alexander. Igreja Nossa Senhora M\u00e3e de Deus, Juiz de Fora. IMG_9260. 9,81 GB. 08h00. 19Nov23."},"content":{"rendered":"\n<figure class=\"wp-block-embed is-type-video is-provider-youtube wp-block-embed-youtube wp-embed-aspect-16-9 wp-has-aspect-ratio\"><div class=\"wp-block-embed__wrapper\">\n<iframe loading=\"lazy\" title=\"Missa: Padre Luiz Carlos Vit\u00f3rio. Igreja Nossa Senhora M\u00e3e de Deus, Brasil. IMG_9260. 10 GB. 19Nov23\" width=\"500\" height=\"281\" src=\"https:\/\/www.youtube.com\/embed\/3hgAsAYtd4M?feature=oembed\" frameborder=\"0\" allow=\"accelerometer; autoplay; clipboard-write; encrypted-media; gyroscope; picture-in-picture; web-share\" referrerpolicy=\"strict-origin-when-cross-origin\" allowfullscreen><\/iframe>\n<\/div><\/figure>\n","protected":false},"excerpt":{"rendered":"<p>Celebra\u00e7\u00e3o Eucar\u00edstica e Exposi\u00e7\u00e3o de Rel\u00edquias do Ano Arquidiocesano Vocacional e Mariano. Padre Luiz Carlos Vit\u00f3rio. Di\u00e1cono M\u00e1rcio Rosa Santos. Ministr@s Extraordin\u00e1ri@s da Sagrada Comunh\u00e3o Ana Maria e Ant\u00f4nio Reis. Acolhida Ad\u00e9lia Fernandes. Leituras Sebasti\u00e3o Rosa Leite Filho e Cl\u00e1udio. Salmo &#8211; 127 &#8211; Felizes os que Temem o Senhor e Trilham Seus Caminhos &#8211; Mestre Pol\u00eamico. Preces da Comunidade Dagnaldo Marcos da Fonseca. M\u00fasica Luiz Gajardo e Alexander Azalim. Igreja Nossa Senhora M\u00e3e de Deus, Bairro Nossa Senhora de Lourdes, Juiz de Fora, Minas Gerais\/MG, Brasil. Registro de Capoeira Mestre Pol\u00eamico &#8211; Professor Jo\u00e3o Couto Teixeira. IMG_9260. 9,81 GB. 08h00. Domingo, 19 de Novembro de 2023. HD 1080p.<br \/>\nUniversidade Livre de Estudos Culturais da Capoeira &#8211; Universidade da Capoeira &#8211; UNICAPOEIRA, Instituto de Educa\u00e7\u00e3o Socioambiental &#8211; IESAMBI, Associa\u00e7\u00e3o de Capoeira &#8211; ASCA e Grupo de Capoeira MEIA LUA &#8211; Fundado Ter\u00e7a-feira, 29 de Maio de 1962.<\/p>\n<p>Seja membro deste canal e ganhe benef\u00edcios:<br \/>\nhttps:\/\/www.youtube.com\/channel\/UCE6HrA5Y_VZ4-hgw8FG13aw\/join<\/p>\n","protected":false},"author":2,"featured_media":8389,"comment_status":"open","ping_status":"open","sticky":false,"template":"","format":"video","meta":{"footnotes":""},"categories":[4674],"tags":[4643,7484,6791,2605,942,43,7463,4234,7485,6114,1742,4196,7483,236,55,6797,237,6269,7482,4468,7077,519,7481,6483,411],"class_list":["post-8388","post","type-post","status-publish","format-video","has-post-thumbnail","hentry","category-celebracao-eucaristica","tag-08h00","tag-9-81-gb","tag-acolhida-adelia-fernandes","tag-associacao-de-capoeira-asca","tag-bairro-nossa-senhora-de-lourdes","tag-brasil","tag-celebracao-eucaristica-e-exposicao-de-reliquias-do-ano-arquidiocesano-vocacional-e-mariano","tag-diacono-marcio-rosa-dos-santos","tag-domingo-19-de-novembro-de-2023","tag-grupo-de-capoeira-meia-lua-fundado-terca-feira-29-de-maio-de-1962","tag-hd-1080p","tag-igreja-nossa-senhora-mae-de-deus","tag-img_9260","tag-instituto-de-educacao-socioambiental-iesambi","tag-juiz-de-fora","tag-leituras-sebastiao-rosa-leite-filho-e-claudio","tag-minas-gerais-mg-3","tag-ministrs-extraordinaris-da-sagrada-comunhao-ana-maria-e-antonio-reis","tag-musica-luiz-gajardo-e-alexander-azalim","tag-padre-luiz-carlos-vitorio","tag-preces-da-comunidade-dagnaldo-marcos-da-fonseca","tag-registro-de-capoeira-mestre-polemico-professor-joao-couto-teixeira","tag-salmo-127-felizes-os-que-temem-o-senhor-e-trilham-seus-caminhos-mestre-polemico","tag-seja-membro-deste-canal-e-ganhe-beneficios-https-www-youtube-com-channel-uce6hra5y_vz4-hgw8fg13aw-join","tag-universidade-livre-de-estudos-culturais-da-capoeira-universidade-da-capoeira-unicapoeira","post_format-post-format-video"],"_links":{"self":[{"href":"https:\/\/universidadedacapoeira.com\/index.php\/wp-json\/wp\/v2\/posts\/8388","targetHints":{"allow":["GET"]}}],"collection":[{"href":"https:\/\/universidadedacapoeira.com\/index.php\/wp-json\/wp\/v2\/posts"}],"about":[{"href":"https:\/\/universidadedacapoeira.com\/index.php\/wp-json\/wp\/v2\/types\/post"}],"author":[{"embeddable":true,"href":"https:\/\/universidadedacapoeira.com\/index.php\/wp-json\/wp\/v2\/users\/2"}],"replies":[{"embeddable":true,"href":"https:\/\/universidadedacapoeira.com\/index.php\/wp-json\/wp\/v2\/comments?post=8388"}],"version-history":[{"count":1,"href":"https:\/\/universidadedacapoeira.com\/index.php\/wp-json\/wp\/v2\/posts\/8388\/revisions"}],"predecessor-version":[{"id":8390,"href":"https:\/\/universidadedacapoeira.com\/index.php\/wp-json\/wp\/v2\/posts\/8388\/revisions\/8390"}],"wp:featuredmedia":[{"embeddable":true,"href":"https:\/\/universidadedacapoeira.com\/index.php\/wp-json\/wp\/v2\/media\/8389"}],"wp:attachment":[{"href":"https:\/\/universidadedacapoeira.com\/index.php\/wp-json\/wp\/v2\/media?parent=8388"}],"wp:term":[{"taxonomy":"category","embeddable":true,"href":"https:\/\/universidadedacapoeira.com\/index.php\/wp-json\/wp\/v2\/categories?post=8388"},{"taxonomy":"post_tag","embeddable":true,"href":"https:\/\/universidadedacapoeira.com\/index.php\/wp-json\/wp\/v2\/tags?post=8388"}],"curies":[{"name":"wp","href":"https:\/\/api.w.org\/{rel}","templated":true}]}}