{"id":8351,"date":"2023-12-20T12:58:55","date_gmt":"2023-12-20T15:58:55","guid":{"rendered":"http:\/\/universidadedacapoeira.com\/?p=8351"},"modified":"2023-12-20T12:58:56","modified_gmt":"2023-12-20T15:58:56","slug":"choro-no-tiguera-estevao-teixeira-flauta-henrique-teixeira-surda-e-mestre-polemico-pandeiro-presentes-laura-adelina-david-e-dominique-juiz-de-fora-img_4200-8135-mb-12h08-04nov23","status":"publish","type":"post","link":"https:\/\/universidadedacapoeira.com\/index.php\/2023\/12\/20\/choro-no-tiguera-estevao-teixeira-flauta-henrique-teixeira-surda-e-mestre-polemico-pandeiro-presentes-laura-adelina-david-e-dominique-juiz-de-fora-img_4200-8135-mb-12h08-04nov23\/","title":{"rendered":"Choro no Tig\u00fc\u00e9ra: Est\u00eav\u00e3o Teixeira &#8211; Flauta, Henrique Teixeira &#8211; Surda e Mestre Pol\u00eamico &#8211; Pandeiro. Presentes Laura, Adelina, David e Dominique. Juiz de Fora. IMG_4200. 813,5 MB. 12h08. 04Nov23."},"content":{"rendered":"\n<figure class=\"wp-block-embed is-type-video is-provider-youtube wp-block-embed-youtube wp-embed-aspect-16-9 wp-has-aspect-ratio\"><div class=\"wp-block-embed__wrapper\">\n<iframe loading=\"lazy\" title=\"Choro Tig\u00fc\u00e9ra: Est\u00eav\u00e3o Teixeira\/Flauta, Pol\u00eamico\/Pandeiro, Henrique\/Surda. IMG_4200. 814 MB. 04Nov23\" width=\"500\" height=\"281\" src=\"https:\/\/www.youtube.com\/embed\/hF2llBmAWBg?feature=oembed\" frameborder=\"0\" allow=\"accelerometer; autoplay; clipboard-write; encrypted-media; gyroscope; picture-in-picture; web-share\" referrerpolicy=\"strict-origin-when-cross-origin\" allowfullscreen><\/iframe>\n<\/div><\/figure>\n","protected":false},"excerpt":{"rendered":"<p>Choro no Tig\u00fc\u00e9ra: Est\u00eav\u00e3o Teixeira &#8211; Flauta, Henrique Teixeira &#8211; Surda e Mestre Pol\u00eamico &#8211; Pandeiro. Presentes LauraMaria  Moreira Teixeira, Adelina Teixeira, David Teixeira Irsigler e Dominique Barbot Boileau. Juiz de Fora, Minas Gerais\/MG, Brasil. Registro de Capoeira Mestre Pol\u00eamico &#8211; Professor Jo\u00e3o Couto Teixeira. IMG_4200. 813,5 MB. 12h08. S\u00e1bado, 04 de Novembro de 2023. HD 1080p.<br \/>\nUniversidade Livre de Estudos Culturais da Capoeira &#8211; Universidade da Capoeira &#8211; UNICAPOEIRA, Instituto de Educa\u00e7\u00e3o Socioambiental &#8211; IESAMBI, Associa\u00e7\u00e3o de Capoeira &#8211; ASCA e Grupo de Capoeira MEIA LUA &#8211; Fundado Ter\u00e7a-feira, 29 de Maio de 1962.<\/p>\n<p>Seja membro deste canal e ganhe benef\u00edcios:<br \/>\nhttps:\/\/www.youtube.com\/channel\/UCE6HrA5Y_VZ4-hgw8FG13aw\/join<\/p>\n","protected":false},"author":2,"featured_media":8352,"comment_status":"open","ping_status":"open","sticky":false,"template":"","format":"video","meta":{"footnotes":""},"categories":[4727],"tags":[7413,7411,7408,2605,43,7407,74,7409,6114,1742,7412,236,55,7410,237,519,7395,6483,411],"class_list":["post-8351","post","type-post","status-publish","format-video","has-post-thumbnail","hentry","category-musica","tag-12h08","tag-813-5-mb","tag-adelina-teixeira","tag-associacao-de-capoeira-asca","tag-brasil","tag-choro-no-tiguera-363-estevao-teixeira-flauta-henrique-teixeira-surda-e-mestre-polemico-pandeiro","tag-david-teixeira-irsigler","tag-dominique-barbot-boileau","tag-grupo-de-capoeira-meia-lua-fundado-terca-feira-29-de-maio-de-1962","tag-hd-1080p","tag-img_4200","tag-instituto-de-educacao-socioambiental-iesambi","tag-juiz-de-fora","tag-laura-moreira-teixeira","tag-minas-gerais-mg-3","tag-registro-de-capoeira-mestre-polemico-professor-joao-couto-teixeira","tag-sabado-04-de-novembro-de-2023","tag-seja-membro-deste-canal-e-ganhe-beneficios-https-www-youtube-com-channel-uce6hra5y_vz4-hgw8fg13aw-join","tag-universidade-livre-de-estudos-culturais-da-capoeira-universidade-da-capoeira-unicapoeira","post_format-post-format-video"],"_links":{"self":[{"href":"https:\/\/universidadedacapoeira.com\/index.php\/wp-json\/wp\/v2\/posts\/8351","targetHints":{"allow":["GET"]}}],"collection":[{"href":"https:\/\/universidadedacapoeira.com\/index.php\/wp-json\/wp\/v2\/posts"}],"about":[{"href":"https:\/\/universidadedacapoeira.com\/index.php\/wp-json\/wp\/v2\/types\/post"}],"author":[{"embeddable":true,"href":"https:\/\/universidadedacapoeira.com\/index.php\/wp-json\/wp\/v2\/users\/2"}],"replies":[{"embeddable":true,"href":"https:\/\/universidadedacapoeira.com\/index.php\/wp-json\/wp\/v2\/comments?post=8351"}],"version-history":[{"count":1,"href":"https:\/\/universidadedacapoeira.com\/index.php\/wp-json\/wp\/v2\/posts\/8351\/revisions"}],"predecessor-version":[{"id":8353,"href":"https:\/\/universidadedacapoeira.com\/index.php\/wp-json\/wp\/v2\/posts\/8351\/revisions\/8353"}],"wp:featuredmedia":[{"embeddable":true,"href":"https:\/\/universidadedacapoeira.com\/index.php\/wp-json\/wp\/v2\/media\/8352"}],"wp:attachment":[{"href":"https:\/\/universidadedacapoeira.com\/index.php\/wp-json\/wp\/v2\/media?parent=8351"}],"wp:term":[{"taxonomy":"category","embeddable":true,"href":"https:\/\/universidadedacapoeira.com\/index.php\/wp-json\/wp\/v2\/categories?post=8351"},{"taxonomy":"post_tag","embeddable":true,"href":"https:\/\/universidadedacapoeira.com\/index.php\/wp-json\/wp\/v2\/tags?post=8351"}],"curies":[{"name":"wp","href":"https:\/\/api.w.org\/{rel}","templated":true}]}}