{"id":8300,"date":"2023-12-19T22:29:25","date_gmt":"2023-12-20T01:29:25","guid":{"rendered":"http:\/\/universidadedacapoeira.com\/?p=8300"},"modified":"2023-12-19T22:29:25","modified_gmt":"2023-12-20T01:29:25","slug":"oracao-faustino-teixeira-lucia-ribeiro-pedro-ribeiro-teresa-sartorio-teita-e-pastor-edson-fernando-juiz-de-fora-img_6198-555-gb-21h06-25out23","status":"publish","type":"post","link":"https:\/\/universidadedacapoeira.com\/index.php\/2023\/12\/19\/oracao-faustino-teixeira-lucia-ribeiro-pedro-ribeiro-teresa-sartorio-teita-e-pastor-edson-fernando-juiz-de-fora-img_6198-555-gb-21h06-25out23\/","title":{"rendered":"Ora\u00e7\u00e3o. Faustino Teixeira, L\u00facia Ribeiro, Pedro Ribeiro, Teresa Sart\u00f3rio, Teita e Pastor Edson Fernando. Juiz de Fora. IMG_6198. 5,55 GB. 21h06. 25Out23."},"content":{"rendered":"\n<figure class=\"wp-block-embed is-type-video is-provider-youtube wp-block-embed-youtube wp-embed-aspect-16-9 wp-has-aspect-ratio\"><div class=\"wp-block-embed__wrapper\">\n<iframe loading=\"lazy\" title=\"Ora\u00e7\u00e3o. Faustino Luiz Couto Teixeira, L\u00facia, Pedro, Teresa, Teita, Edson. IMG_6198. 5,55 GB. 25Out23\" width=\"500\" height=\"281\" src=\"https:\/\/www.youtube.com\/embed\/dYognGSK4dQ?feature=oembed\" frameborder=\"0\" allow=\"accelerometer; autoplay; clipboard-write; encrypted-media; gyroscope; picture-in-picture; web-share\" referrerpolicy=\"strict-origin-when-cross-origin\" allowfullscreen><\/iframe>\n<\/div><\/figure>\n","protected":false},"excerpt":{"rendered":"<p>Ora\u00e7\u00e3o. Capoeira Mestre As\u00e8 Dud\u00fa &#8211; Faustino Luiz Couto Teixeira, L\u00facia Ribeiro, Pedro Ribeiro, Teresa Sart\u00f3rio, Teita e Pastor Edson Fernando. Bairro Floresta, Juiz de Fora, Minas Gerais\/MG, Brasil. Registro de Capoeira Mestre Pol\u00eamico &#8211; Professor Jo\u00e3o Couto Teixeira. IMG_6198. 5,55 GB. 21h06. Quarta-feira, 25 de Outubro de 2023. HD 1080p.<br \/>\nUniversidade Livre de Estudos Culturais da Capoeira &#8211; Universidade da Capoeira &#8211; UNICAPOEIRA, Instituto de Educa\u00e7\u00e3o Socioambiental &#8211; IESAMBI, Associa\u00e7\u00e3o de Capoeira &#8211; ASCA e Grupo de Capoeira MEIA LUA &#8211; Fundado Ter\u00e7a-feira, 29 de Maio de 1962.<\/p>\n<p>Seja membro deste canal e ganhe benef\u00edcios:<br \/>\nhttps:\/\/www.youtube.com\/channel\/UCE6HrA5Y_VZ4-hgw8FG13aw\/join<\/p>\n","protected":false},"author":2,"featured_media":8301,"comment_status":"open","ping_status":"open","sticky":false,"template":"","format":"video","meta":{"footnotes":""},"categories":[4728],"tags":[7352,7351,2605,2018,43,7346,6114,1742,116,236,55,7347,237,6371,7350,7349,7344,519,6483,6671,7348,411],"class_list":["post-8300","post","type-post","status-publish","format-video","has-post-thumbnail","hentry","category-celebracao-da-palavra","tag-21h06","tag-5-55-gb","tag-associacao-de-capoeira-asca","tag-bairro-floresta","tag-brasil","tag-capoeira-mestre-ase-dudu-faustino-luiz-couto-teixeira-3","tag-grupo-de-capoeira-meia-lua-fundado-terca-feira-29-de-maio-de-1962","tag-hd-1080p","tag-img_6198","tag-instituto-de-educacao-socioambiental-iesambi","tag-juiz-de-fora","tag-lucia-ribeiro","tag-minas-gerais-mg-3","tag-oracao","tag-pastor-edson-fernando","tag-pedro-ribeiro","tag-quarta-feira-25-de-outubro-de-2023","tag-registro-de-capoeira-mestre-polemico-professor-joao-couto-teixeira","tag-seja-membro-deste-canal-e-ganhe-beneficios-https-www-youtube-com-channel-uce6hra5y_vz4-hgw8fg13aw-join","tag-teita-2","tag-teresa-sartorio","tag-universidade-livre-de-estudos-culturais-da-capoeira-universidade-da-capoeira-unicapoeira","post_format-post-format-video"],"_links":{"self":[{"href":"https:\/\/universidadedacapoeira.com\/index.php\/wp-json\/wp\/v2\/posts\/8300","targetHints":{"allow":["GET"]}}],"collection":[{"href":"https:\/\/universidadedacapoeira.com\/index.php\/wp-json\/wp\/v2\/posts"}],"about":[{"href":"https:\/\/universidadedacapoeira.com\/index.php\/wp-json\/wp\/v2\/types\/post"}],"author":[{"embeddable":true,"href":"https:\/\/universidadedacapoeira.com\/index.php\/wp-json\/wp\/v2\/users\/2"}],"replies":[{"embeddable":true,"href":"https:\/\/universidadedacapoeira.com\/index.php\/wp-json\/wp\/v2\/comments?post=8300"}],"version-history":[{"count":1,"href":"https:\/\/universidadedacapoeira.com\/index.php\/wp-json\/wp\/v2\/posts\/8300\/revisions"}],"predecessor-version":[{"id":8302,"href":"https:\/\/universidadedacapoeira.com\/index.php\/wp-json\/wp\/v2\/posts\/8300\/revisions\/8302"}],"wp:featuredmedia":[{"embeddable":true,"href":"https:\/\/universidadedacapoeira.com\/index.php\/wp-json\/wp\/v2\/media\/8301"}],"wp:attachment":[{"href":"https:\/\/universidadedacapoeira.com\/index.php\/wp-json\/wp\/v2\/media?parent=8300"}],"wp:term":[{"taxonomy":"category","embeddable":true,"href":"https:\/\/universidadedacapoeira.com\/index.php\/wp-json\/wp\/v2\/categories?post=8300"},{"taxonomy":"post_tag","embeddable":true,"href":"https:\/\/universidadedacapoeira.com\/index.php\/wp-json\/wp\/v2\/tags?post=8300"}],"curies":[{"name":"wp","href":"https:\/\/api.w.org\/{rel}","templated":true}]}}