{"id":8228,"date":"2023-12-18T10:24:24","date_gmt":"2023-12-18T13:24:24","guid":{"rendered":"http:\/\/universidadedacapoeira.com\/?p=8228"},"modified":"2023-12-18T10:24:25","modified_gmt":"2023-12-18T13:24:25","slug":"mestre-fabio-parada-associacao-capoeira-movimentos-41-anos-recepcao-contramestre-flexa-abrindo-trabalhos-itanhaem-img_9115-535-gb-18h58-13out23","status":"publish","type":"post","link":"https:\/\/universidadedacapoeira.com\/index.php\/2023\/12\/18\/mestre-fabio-parada-associacao-capoeira-movimentos-41-anos-recepcao-contramestre-flexa-abrindo-trabalhos-itanhaem-img_9115-535-gb-18h58-13out23\/","title":{"rendered":"Mestre F\u00e1bio Parada. Associa\u00e7\u00e3o Capoeira Movimentos &#8211; 41 Anos. Recep\u00e7\u00e3o Contramestre Flexa. Abrindo Trabalhos. Itanha\u00e9m. IMG_9115. 5,35 GB. 18h58. 13Out23."},"content":{"rendered":"\n<figure class=\"wp-block-embed is-type-video is-provider-youtube wp-block-embed-youtube wp-embed-aspect-16-9 wp-has-aspect-ratio\"><div class=\"wp-block-embed__wrapper\">\n<iframe loading=\"lazy\" title=\"Movimentos Capoeira Festival: 41 Anos. Contramestre Flexa. Itanha\u00e9m, SP. IMG_9115. 5,35 GB. 13Out23\" width=\"500\" height=\"281\" src=\"https:\/\/www.youtube.com\/embed\/ijkVtGpBQgI?feature=oembed\" frameborder=\"0\" allow=\"accelerometer; autoplay; clipboard-write; encrypted-media; gyroscope; picture-in-picture; web-share\" referrerpolicy=\"strict-origin-when-cross-origin\" allowfullscreen><\/iframe>\n<\/div><\/figure>\n","protected":false},"excerpt":{"rendered":"<p>Mestre F\u00e1bio Parada. Associa\u00e7\u00e3o Capoeira Movimentos &#8211; 41 Anos. Recep\u00e7\u00e3o Contramestre Flexa &#8211; Renato Pereira Gon\u00e7alvez. Abrindo Trabalhos. Itanha\u00e9m, S\u00e3o Paulo\/SP, Brasil. Registro de Capoeiras Mestre Pol\u00eamico &#8211; Professor Jo\u00e3o Couto Teixeira, Contramestre Jefferson Gomes Nogueira e \u00c9rika Artem Palaria. IMG_9115. 5,35 GB. 18h58. Sexta-feira, 13 de Outubro de 2023. HD 1080.<br \/>\n#CapoeiraMestreFabioParada<br \/>\n#CapoeiraMestreEduardoStorti<br \/>\n#CapoeiraMestreNiltonRibasMartinsJunior<br \/>\n#CapoeiraMestreMarcioSantos<br \/>\n#CapoeiraMestreEliasFonseca<br \/>\n#CapoeiraMestreGogoDeOuroRogerioFonseca<br \/>\n#CapoeiraMestraKatia<br \/>\n#CapoeiraMestreBerimbauErivaldodeAndradeGomes<br \/>\n#CapoeiraMestreDinho<br \/>\n#CapoeiraMestreIdilio<br \/>\n#CapoeiraMestreCartaoNesonJunior<br \/>\n#CapoeiraContramestreJeffersonGomesNogueira<br \/>\n#CapoeiraContramestreFlexaRenatoPereiraGon\u00e7alves<br \/>\n#CapoeiraContramestreCascataSilvaPereira<br \/>\n#CapoeiraContramestraAna<br \/>\n#CapoeiraContramestraJennifer<br \/>\n#CapoeiraEstagiarioAlan<br \/>\n#CapoeiraMonitoraSelma<br \/>\n#CapoeiraProfessorMagno<br \/>\n#CapoeiraProfessorLucky (in memorian)<br \/>\nUniversidade Livre de Estudos Culturais da Capoeira &#8211; Universidade da Capoeira &#8211; UNICAPOEIRA, Instituto de Educa\u00e7\u00e3o Socioambiental &#8211; IESAMBI, Associa\u00e7\u00e3o de Capoeira &#8211; ASCA e Grupo de Capoeira MEIA LUA na Escola &#8211; Fundado Ter\u00e7a-feira, 29 de Maio de 1962.<\/p>\n<p>Seja membro deste canal e ganhe benef\u00edcios:<br \/>\nhttps:\/\/www.youtube.com\/channel\/UCE6HrA5Y_VZ4-hgw8FG13aw\/join<\/p>\n","protected":false},"author":2,"featured_media":8229,"comment_status":"open","ping_status":"open","sticky":false,"template":"","format":"video","meta":{"footnotes":""},"categories":[4729],"tags":[7237,7238,7257,7235,7234,7239,7229,7232,7233,7230,5064,5066,5063,5073,7231,5068,5067,7240,7258,7241,3531,7255,7223,2605,43,7222,7243,2628,2128,236,5077,5117,7259,7254,7256,3912,6483,411],"class_list":["post-8228","post","type-post","status-publish","format-video","has-post-thumbnail","hentry","category-capoeira","tag-capoeiracontramestraana","tag-capoeiracontramestrajennifer","tag-capoeiracontramestrecascatasilvapereira","tag-capoeiracontramestreflexarenatopereiragoncalves","tag-capoeiracontramestrejeffersongomesnogueira","tag-capoeiraestagiarioalan","tag-capoeiramestrakatia","tag-capoeiramestreberimbauerivaldodeandradegomes","tag-capoeiramestrecartaonesonjunior","tag-capoeiramestredinho","tag-capoeiramestreeduardostorti","tag-capoeiramestreeliasfonseca","tag-capoeiramestrefabioparada","tag-capoeiramestregogodeourorogeriofonseca","tag-capoeiramestreidilio","tag-capoeiramestremarciosantos","tag-capoeiramestreniltonribasmartinsjunior","tag-capoeiramonitoraselma","tag-capoeiraprofessorlucky-in-memorian","tag-capoeiraprofessormagno","tag-15h15","tag-3-39-gb","tag-associacao-capoeira-movimentos-41-anos","tag-associacao-de-capoeira-asca","tag-brasil","tag-escola-municipal-osmar-rodrigues","tag-grupo-de-capoeira-meia-lua-na-escola-fundado-terca-feira-29-de-maio-de-1962","tag-hd-1080","tag-img_9121","tag-instituto-de-educacao-socioambiental-iesambi","tag-itanhaem","tag-mestre-fabio-parada","tag-recepcao-contramestre-flexa-renato-pereira-goncalvez-abrindo-trabalhos","tag-registro-de-capoeiras-mestre-polemico-professor-joao-couto-teixeira-e-contramestre-jefferson-gomes-nogueira","tag-sabado-14-de-outubro-de-2023","tag-sao-paulo-sp","tag-seja-membro-deste-canal-e-ganhe-beneficios-https-www-youtube-com-channel-uce6hra5y_vz4-hgw8fg13aw-join","tag-universidade-livre-de-estudos-culturais-da-capoeira-universidade-da-capoeira-unicapoeira","post_format-post-format-video"],"_links":{"self":[{"href":"https:\/\/universidadedacapoeira.com\/index.php\/wp-json\/wp\/v2\/posts\/8228","targetHints":{"allow":["GET"]}}],"collection":[{"href":"https:\/\/universidadedacapoeira.com\/index.php\/wp-json\/wp\/v2\/posts"}],"about":[{"href":"https:\/\/universidadedacapoeira.com\/index.php\/wp-json\/wp\/v2\/types\/post"}],"author":[{"embeddable":true,"href":"https:\/\/universidadedacapoeira.com\/index.php\/wp-json\/wp\/v2\/users\/2"}],"replies":[{"embeddable":true,"href":"https:\/\/universidadedacapoeira.com\/index.php\/wp-json\/wp\/v2\/comments?post=8228"}],"version-history":[{"count":1,"href":"https:\/\/universidadedacapoeira.com\/index.php\/wp-json\/wp\/v2\/posts\/8228\/revisions"}],"predecessor-version":[{"id":8230,"href":"https:\/\/universidadedacapoeira.com\/index.php\/wp-json\/wp\/v2\/posts\/8228\/revisions\/8230"}],"wp:featuredmedia":[{"embeddable":true,"href":"https:\/\/universidadedacapoeira.com\/index.php\/wp-json\/wp\/v2\/media\/8229"}],"wp:attachment":[{"href":"https:\/\/universidadedacapoeira.com\/index.php\/wp-json\/wp\/v2\/media?parent=8228"}],"wp:term":[{"taxonomy":"category","embeddable":true,"href":"https:\/\/universidadedacapoeira.com\/index.php\/wp-json\/wp\/v2\/categories?post=8228"},{"taxonomy":"post_tag","embeddable":true,"href":"https:\/\/universidadedacapoeira.com\/index.php\/wp-json\/wp\/v2\/tags?post=8228"}],"curies":[{"name":"wp","href":"https:\/\/api.w.org\/{rel}","templated":true}]}}