{"id":8120,"date":"2023-12-16T09:14:27","date_gmt":"2023-12-16T12:14:27","guid":{"rendered":"http:\/\/universidadedacapoeira.com\/?p=8120"},"modified":"2023-12-16T09:14:28","modified_gmt":"2023-12-16T12:14:28","slug":"quarta-conferencia-municipal-de-cultura-palestra-magna-com-a-prefeita-maria-margarida-secretaria-nacional-dos-comites-de-cultura-do-ministerio-da-cultura-roberta-diretora-geral-da-fundacao-cultural","status":"publish","type":"post","link":"https:\/\/universidadedacapoeira.com\/index.php\/2023\/12\/16\/quarta-conferencia-municipal-de-cultura-palestra-magna-com-a-prefeita-maria-margarida-secretaria-nacional-dos-comites-de-cultura-do-ministerio-da-cultura-roberta-diretora-geral-da-fundacao-cultural\/","title":{"rendered":"Quarta Confer\u00eancia Municipal de Cultura. Palestra Magna com a Prefeita Maria Margarida, Secret\u00e1ria Nacional dos Comit\u00eas de Cultura do Minist\u00e9rio da Cultura Roberta, Diretora Geral da Funda\u00e7\u00e3o Cultural Alfredo Ferreira Lage &#8211; FUNALFA &#8211; Giane, Presidenta do Conselho Municipal de Cultura Fernanda e Vereadora Laiz. Juiz de Fora. IMG_9030. 9,34 GB. 19h00. 20Set23."},"content":{"rendered":"\n<figure class=\"wp-block-embed is-type-video is-provider-youtube wp-block-embed-youtube wp-embed-aspect-16-9 wp-has-aspect-ratio\"><div class=\"wp-block-embed__wrapper\">\n<iframe loading=\"lazy\" title=\"4a. Confer\u00eancia Municipal de Cultura: Teatro Paschoal Carlos Magno. JF. IMG_9030. 9,34 GB. 20Set23\" width=\"500\" height=\"281\" src=\"https:\/\/www.youtube.com\/embed\/UArZCszZaN0?feature=oembed\" frameborder=\"0\" allow=\"accelerometer; autoplay; clipboard-write; encrypted-media; gyroscope; picture-in-picture; web-share\" referrerpolicy=\"strict-origin-when-cross-origin\" allowfullscreen><\/iframe>\n<\/div><\/figure>\n","protected":false},"excerpt":{"rendered":"<p>Quarta Confer\u00eancia Municipal de Cultura. Teatro Municipal Paschoal Carlos Magno, Palestra Magna com a Prefeita Maria Margarida Martins Salom\u00e3o, Secret\u00e1ria Nacional dos Comit\u00eas de Cultura do Minist\u00e9rio da Cultura Roberta Martins, Diretora Geral da Funda\u00e7\u00e3o Cultural Alfredo Ferreira Lage &#8211; FUNALFA &#8211; Giane Elisa Sales de Almeida, Presidenta do Conselho Municipal de Cultura Fernanda Amaral de Almeida e Vereadora Laiz Perrut Marendino. Teatro Municipal Paschoal Carlos Magno, Rua Gilberto de Alencar, N\u00famero 01, CEP 36.015-470, Bairro Centro, Juiz de Fora, Minas Gerais\/MG, Brasil. Registro de Capoeira Mestre Pol\u00eamico &#8211; Professor Jo\u00e3o Couto Teixeira. IMG_9030. 9,34 GB. 19h00. Quarta-feira, 20 de Setembro de 2023. HD 1080p.<br \/>\nUniversidade Livre de Estudos Culturais da Capoeira &#8211; Universidade da Capoeira &#8211; UNICAPOEIRA, Instituto de Educa\u00e7\u00e3o Socioambiental &#8211; IESAMBI, Associa\u00e7\u00e3o de Capoeira &#8211; ASCA e Grupo de Capoeira MEIA LUA &#8211; Fundado Ter\u00e7a-feira, 29 de Maio de 1962.<\/p>\n<p>Seja membro deste canal e ganhe benef\u00edcios:<br \/>\nhttps:\/\/www.youtube.com\/channel\/UCE6HrA5Y_VZ4-hgw8FG13aw\/join<\/p>\n","protected":false},"author":2,"featured_media":8121,"comment_status":"open","ping_status":"open","sticky":false,"template":"","format":"video","meta":{"footnotes":""},"categories":[4738],"tags":[618,4977,2605,182,43,7095,7092,6114,1742,7097,236,55,237,7096,7089,7091,7088,7098,519,7093,7090,6483,7094,411,6995],"class_list":["post-8120","post","type-post","status-publish","format-video","has-post-thumbnail","hentry","category-iesambi","tag-19h00","tag-9-34-gb","tag-associacao-de-capoeira-asca","tag-bairro-centro","tag-brasil","tag-cep-36-015-470","tag-diretora-geral-da-fundacao-cultural-alfredo-ferreira-lage-funalfa-giane-elisa-sales-de-almeida","tag-grupo-de-capoeira-meia-lua-fundado-terca-feira-29-de-maio-de-1962","tag-hd-1080p","tag-img_9030","tag-instituto-de-educacao-socioambiental-iesambi","tag-juiz-de-fora","tag-minas-gerais-mg-3","tag-numero-01","tag-palestra-magna-com-a-prefeita-maria-margarida-martins-salomao","tag-presidenta-do-conselho-municipal-de-cultura-fernanda-amaral-de-almeida","tag-quarta-conferencia-municipal-de-cultura","tag-quarta-feira-20-de-setembro-de-2023","tag-registro-de-capoeira-mestre-polemico-professor-joao-couto-teixeira","tag-rua-gilberto-de-alencar","tag-secretaria-nacional-dos-comites-de-cultura-do-ministerio-da-cultura-roberta-martins","tag-seja-membro-deste-canal-e-ganhe-beneficios-https-www-youtube-com-channel-uce6hra5y_vz4-hgw8fg13aw-join","tag-teatro-municipal-paschoal-carlos-magno","tag-universidade-livre-de-estudos-culturais-da-capoeira-universidade-da-capoeira-unicapoeira","tag-vereadora-laiz-perrut-marendino","post_format-post-format-video"],"_links":{"self":[{"href":"https:\/\/universidadedacapoeira.com\/index.php\/wp-json\/wp\/v2\/posts\/8120","targetHints":{"allow":["GET"]}}],"collection":[{"href":"https:\/\/universidadedacapoeira.com\/index.php\/wp-json\/wp\/v2\/posts"}],"about":[{"href":"https:\/\/universidadedacapoeira.com\/index.php\/wp-json\/wp\/v2\/types\/post"}],"author":[{"embeddable":true,"href":"https:\/\/universidadedacapoeira.com\/index.php\/wp-json\/wp\/v2\/users\/2"}],"replies":[{"embeddable":true,"href":"https:\/\/universidadedacapoeira.com\/index.php\/wp-json\/wp\/v2\/comments?post=8120"}],"version-history":[{"count":1,"href":"https:\/\/universidadedacapoeira.com\/index.php\/wp-json\/wp\/v2\/posts\/8120\/revisions"}],"predecessor-version":[{"id":8122,"href":"https:\/\/universidadedacapoeira.com\/index.php\/wp-json\/wp\/v2\/posts\/8120\/revisions\/8122"}],"wp:featuredmedia":[{"embeddable":true,"href":"https:\/\/universidadedacapoeira.com\/index.php\/wp-json\/wp\/v2\/media\/8121"}],"wp:attachment":[{"href":"https:\/\/universidadedacapoeira.com\/index.php\/wp-json\/wp\/v2\/media?parent=8120"}],"wp:term":[{"taxonomy":"category","embeddable":true,"href":"https:\/\/universidadedacapoeira.com\/index.php\/wp-json\/wp\/v2\/categories?post=8120"},{"taxonomy":"post_tag","embeddable":true,"href":"https:\/\/universidadedacapoeira.com\/index.php\/wp-json\/wp\/v2\/tags?post=8120"}],"curies":[{"name":"wp","href":"https:\/\/api.w.org\/{rel}","templated":true}]}}