{"id":8104,"date":"2023-12-13T17:39:46","date_gmt":"2023-12-13T20:39:46","guid":{"rendered":"http:\/\/universidadedacapoeira.com\/?p=8104"},"modified":"2023-12-13T17:39:47","modified_gmt":"2023-12-13T20:39:47","slug":"missa-padre-luiz-carlos-ministrs-ana-maria-e-antonio-acolhida-ministro-boscaro-leituras-sebastiao-e-claudio-salmo-102-o-senhor-e-bondoso-compassivo-e-carinhoso-mestre-polemico-preces-da-co","status":"publish","type":"post","link":"https:\/\/universidadedacapoeira.com\/index.php\/2023\/12\/13\/missa-padre-luiz-carlos-ministrs-ana-maria-e-antonio-acolhida-ministro-boscaro-leituras-sebastiao-e-claudio-salmo-102-o-senhor-e-bondoso-compassivo-e-carinhoso-mestre-polemico-preces-da-co\/","title":{"rendered":"Missa. Padre Luiz Carlos. Ministr@s Ana Maria e Ant\u00f4nio. Acolhida Ministro B\u00f4scaro. Leituras Sebasti\u00e3o e Cl\u00e1udio. Salmo 102 &#8211; O Senhor \u00e9 Bondoso, Compassivo e Carinhoso &#8211; Mestre Pol\u00eamico. Preces da Comunidade Dagnaldo. Ac\u00f3lito Rafael. M\u00fasica Isabel, Mestre Avatar e L\u00e9o. Igreja Nossa Senhora M\u00e3e de Deus, Juiz de Fora. IMG_9004. 8,24 GB. 08h00. 17Set23."},"content":{"rendered":"\n<figure class=\"wp-block-embed is-type-video is-provider-youtube wp-block-embed-youtube wp-embed-aspect-16-9 wp-has-aspect-ratio\"><div class=\"wp-block-embed__wrapper\">\n<iframe loading=\"lazy\" title=\"Missa: Padre Luiz Carlos Vit\u00f3rio. Igreja Nossa Senhora M\u00e3e de Deus, Brasil. IMG_9004. 8 GB. 17Set23\" width=\"500\" height=\"281\" src=\"https:\/\/www.youtube.com\/embed\/rj8QC0NAXkE?feature=oembed\" frameborder=\"0\" allow=\"accelerometer; autoplay; clipboard-write; encrypted-media; gyroscope; picture-in-picture; web-share\" referrerpolicy=\"strict-origin-when-cross-origin\" allowfullscreen><\/iframe>\n<\/div><\/figure>\n","protected":false},"excerpt":{"rendered":"<p>Celebra\u00e7\u00e3o Eucar\u00edstica. Padre Luiz Carlos Vit\u00f3rio. Ministr@s Extraordin\u00e1ri@s da Sagrada Comunh\u00e3o Ana Maria e Ant\u00f4nio Reis. Acolhida Ministro Extraordin\u00e1rio da Sagrada Comunh\u00e3o Eduardo B\u00f4scaro. Leituras Sebasti\u00e3o Rosa Leite Filho e Cl\u00e1udio. Salmo 102 &#8211; O Senhor \u00e9 Bondoso, Compassivo e Carinhoso &#8211; Mestre Pol\u00eamico. Preces da Comunidade Dagnaldo Marcos da Fonseca. Ac\u00f3lito Rafael. M\u00fasica Isabel, Capoeira Mestre Avatar &#8211; Giovanni Diomedson de Andrade e L\u00e9o. Igreja Nossa Senhora M\u00e3e de Deus, Bairro Nossa Senhora de Lourdes, Juiz de Fora, Minas Gerais\/MG, Brasil. Registro de Capoeira Mestre Pol\u00eamico &#8211; Professor Jo\u00e3o Couto Teixeira. IMG_9004. 8,24 GB. 08h00. Domingo, 17 de Setembro de 2023. HD 1080p.<br \/>\nUniversidade Livre de Estudos Culturais da Capoeira &#8211; Universidade da Capoeira &#8211; UNICAPOEIRA, Instituto de Educa\u00e7\u00e3o Socioambiental &#8211; IESAMBI, Associa\u00e7\u00e3o de Capoeira &#8211; ASCA e Grupo de Capoeira MEIA LUA &#8211; Fundado Ter\u00e7a-feira, 29 de Maio de 1962.<\/p>\n<p>Seja membro deste canal e ganhe benef\u00edcios:<br \/>\nhttps:\/\/www.youtube.com\/channel\/UCE6HrA5Y_VZ4-hgw8FG13aw\/join<\/p>\n","protected":false},"author":2,"featured_media":8105,"comment_status":"open","ping_status":"open","sticky":false,"template":"","format":"video","meta":{"footnotes":""},"categories":[4674],"tags":[4643,385,6914,5958,2605,942,43,1010,7080,6114,1742,4196,7079,236,55,6797,237,6269,7078,4468,7077,519,7076,6483,411],"class_list":["post-8104","post","type-post","status-publish","format-video","has-post-thumbnail","hentry","category-celebracao-eucaristica","tag-08h00","tag-8-24-gb","tag-acolhida-ministro-extraordinario-da-sagrada-comunhao-eduardo-boscaro","tag-acolito-rafael","tag-associacao-de-capoeira-asca","tag-bairro-nossa-senhora-de-lourdes","tag-brasil","tag-celebracao-eucaristica","tag-domingo-17-de-setembro-de-2023","tag-grupo-de-capoeira-meia-lua-fundado-terca-feira-29-de-maio-de-1962","tag-hd-1080p","tag-igreja-nossa-senhora-mae-de-deus","tag-img_9004","tag-instituto-de-educacao-socioambiental-iesambi","tag-juiz-de-fora","tag-leituras-sebastiao-rosa-leite-filho-e-claudio","tag-minas-gerais-mg-3","tag-ministrs-extraordinaris-da-sagrada-comunhao-ana-maria-e-antonio-reis","tag-musica-isabel-capoeira-mestre-avatar-giovanni-diomedson-de-andrade-e-leo","tag-padre-luiz-carlos-vitorio","tag-preces-da-comunidade-dagnaldo-marcos-da-fonseca","tag-registro-de-capoeira-mestre-polemico-professor-joao-couto-teixeira","tag-salmo-102-o-senhor-e-bondoso-compassivo-e-carinhoso-mestre-polemico","tag-seja-membro-deste-canal-e-ganhe-beneficios-https-www-youtube-com-channel-uce6hra5y_vz4-hgw8fg13aw-join","tag-universidade-livre-de-estudos-culturais-da-capoeira-universidade-da-capoeira-unicapoeira","post_format-post-format-video"],"_links":{"self":[{"href":"https:\/\/universidadedacapoeira.com\/index.php\/wp-json\/wp\/v2\/posts\/8104","targetHints":{"allow":["GET"]}}],"collection":[{"href":"https:\/\/universidadedacapoeira.com\/index.php\/wp-json\/wp\/v2\/posts"}],"about":[{"href":"https:\/\/universidadedacapoeira.com\/index.php\/wp-json\/wp\/v2\/types\/post"}],"author":[{"embeddable":true,"href":"https:\/\/universidadedacapoeira.com\/index.php\/wp-json\/wp\/v2\/users\/2"}],"replies":[{"embeddable":true,"href":"https:\/\/universidadedacapoeira.com\/index.php\/wp-json\/wp\/v2\/comments?post=8104"}],"version-history":[{"count":1,"href":"https:\/\/universidadedacapoeira.com\/index.php\/wp-json\/wp\/v2\/posts\/8104\/revisions"}],"predecessor-version":[{"id":8106,"href":"https:\/\/universidadedacapoeira.com\/index.php\/wp-json\/wp\/v2\/posts\/8104\/revisions\/8106"}],"wp:featuredmedia":[{"embeddable":true,"href":"https:\/\/universidadedacapoeira.com\/index.php\/wp-json\/wp\/v2\/media\/8105"}],"wp:attachment":[{"href":"https:\/\/universidadedacapoeira.com\/index.php\/wp-json\/wp\/v2\/media?parent=8104"}],"wp:term":[{"taxonomy":"category","embeddable":true,"href":"https:\/\/universidadedacapoeira.com\/index.php\/wp-json\/wp\/v2\/categories?post=8104"},{"taxonomy":"post_tag","embeddable":true,"href":"https:\/\/universidadedacapoeira.com\/index.php\/wp-json\/wp\/v2\/tags?post=8104"}],"curies":[{"name":"wp","href":"https:\/\/api.w.org\/{rel}","templated":true}]}}