{"id":8056,"date":"2023-12-11T13:59:37","date_gmt":"2023-12-11T16:59:37","guid":{"rendered":"http:\/\/universidadedacapoeira.com\/?p=8056"},"modified":"2023-12-11T13:59:38","modified_gmt":"2023-12-11T16:59:38","slug":"mestres-dom-ivan-clodoaldo-e-bom-menino-sobradinho-ii-img_5098-535-gb-09h01-30set15","status":"publish","type":"post","link":"https:\/\/universidadedacapoeira.com\/index.php\/2023\/12\/11\/mestres-dom-ivan-clodoaldo-e-bom-menino-sobradinho-ii-img_5098-535-gb-09h01-30set15\/","title":{"rendered":"Mestres Dom Ivan, Clodoaldo e Bom Menino. Sobradinho II. IMG_5098. 5,35 GB. 09h01. 30Set15."},"content":{"rendered":"\n<figure class=\"wp-block-embed is-type-video is-provider-youtube wp-block-embed-youtube wp-embed-aspect-16-9 wp-has-aspect-ratio\"><div class=\"wp-block-embed__wrapper\">\n<iframe loading=\"lazy\" title=\"Mestres Dom Ivan Zacarias Gobbo, Clodoaldo Alberico Galindo de Moraes e Bom. IMG_5098. 5 GB. 30Set15\" width=\"500\" height=\"281\" src=\"https:\/\/www.youtube.com\/embed\/dJmubydbbDA?feature=oembed\" frameborder=\"0\" allow=\"accelerometer; autoplay; clipboard-write; encrypted-media; gyroscope; picture-in-picture; web-share\" referrerpolicy=\"strict-origin-when-cross-origin\" allowfullscreen><\/iframe>\n<\/div><\/figure>\n","protected":false},"excerpt":{"rendered":"<p>Mestres Dom Ivan Zacarias Gobbo, Clodoaldo Alberico Galindo de Moraes e Bom Menino &#8211; Aluizio de Melo Cavalcanti J\u00fanior. Lago Oeste, Sobradinho II, Distrito Federal\/DF, Brasil. Registro de Capoeira Mestre Pol\u00eamico &#8211; Professor Jo\u00e3o Couto Teixeira. IMG_5098. 5,35 GB. 09h01. Quarta-feira, 30 de Setembro de 2015. HD 1080p.<br \/>\nUniversidade Livre de Estudos Culturais da Capoeira &#8211; Universidade da Capoeira &#8211; UNICAPOEIRA, Instituto de Educa\u00e7\u00e3o Socioambiental &#8211; IESAMBI, Associa\u00e7\u00e3o de Capoeira &#8211; ASCA e Grupo de Capoeira MEIA LUA &#8211; Fundado Ter\u00e7a-feira, 29 de Maio de 1962.<\/p>\n<p>Seja membro deste canal e ganhe benef\u00edcios:<br \/>\nhttps:\/\/www.youtube.com\/channel\/UCE6HrA5Y_VZ4-hgw8FG13aw\/join<\/p>\n","protected":false},"author":2,"featured_media":8057,"comment_status":"open","ping_status":"open","sticky":false,"template":"","format":"video","meta":{"footnotes":""},"categories":[4677],"tags":[2258,6975,6919,43,241,1742,6974,236,1070,6973,6976,519,6483,5799,411],"class_list":["post-8056","post","type-post","status-publish","format-video","has-post-thumbnail","hentry","category-grupo-de-capoeira-meia-lua","tag-09h01","tag-5-35-gb","tag-associacao-de-capoeira-asca-grupo-de-capoeira-meia-lua-fundado-terca-feira-29-de-maio-de-1962","tag-brasil","tag-distrito-federal-df","tag-hd-1080p","tag-img_5098","tag-instituto-de-educacao-socioambiental-iesambi","tag-lago-oeste","tag-mestres-dom-ivan-zacarias-gobbo-clodoaldo-alberico-galindo-de-moraes-e-bom-menino-aluizio-de-melo-cavalcanti-junior","tag-quarta-feira-30-de-setembro-de-2015","tag-registro-de-capoeira-mestre-polemico-professor-joao-couto-teixeira","tag-seja-membro-deste-canal-e-ganhe-beneficios-https-www-youtube-com-channel-uce6hra5y_vz4-hgw8fg13aw-join","tag-sobradinho-ii","tag-universidade-livre-de-estudos-culturais-da-capoeira-universidade-da-capoeira-unicapoeira","post_format-post-format-video"],"_links":{"self":[{"href":"https:\/\/universidadedacapoeira.com\/index.php\/wp-json\/wp\/v2\/posts\/8056","targetHints":{"allow":["GET"]}}],"collection":[{"href":"https:\/\/universidadedacapoeira.com\/index.php\/wp-json\/wp\/v2\/posts"}],"about":[{"href":"https:\/\/universidadedacapoeira.com\/index.php\/wp-json\/wp\/v2\/types\/post"}],"author":[{"embeddable":true,"href":"https:\/\/universidadedacapoeira.com\/index.php\/wp-json\/wp\/v2\/users\/2"}],"replies":[{"embeddable":true,"href":"https:\/\/universidadedacapoeira.com\/index.php\/wp-json\/wp\/v2\/comments?post=8056"}],"version-history":[{"count":1,"href":"https:\/\/universidadedacapoeira.com\/index.php\/wp-json\/wp\/v2\/posts\/8056\/revisions"}],"predecessor-version":[{"id":8058,"href":"https:\/\/universidadedacapoeira.com\/index.php\/wp-json\/wp\/v2\/posts\/8056\/revisions\/8058"}],"wp:featuredmedia":[{"embeddable":true,"href":"https:\/\/universidadedacapoeira.com\/index.php\/wp-json\/wp\/v2\/media\/8057"}],"wp:attachment":[{"href":"https:\/\/universidadedacapoeira.com\/index.php\/wp-json\/wp\/v2\/media?parent=8056"}],"wp:term":[{"taxonomy":"category","embeddable":true,"href":"https:\/\/universidadedacapoeira.com\/index.php\/wp-json\/wp\/v2\/categories?post=8056"},{"taxonomy":"post_tag","embeddable":true,"href":"https:\/\/universidadedacapoeira.com\/index.php\/wp-json\/wp\/v2\/tags?post=8056"}],"curies":[{"name":"wp","href":"https:\/\/api.w.org\/{rel}","templated":true}]}}