{"id":8015,"date":"2023-12-10T15:43:07","date_gmt":"2023-12-10T18:43:07","guid":{"rendered":"http:\/\/universidadedacapoeira.com\/?p=8015"},"modified":"2023-12-10T15:43:08","modified_gmt":"2023-12-10T18:43:08","slug":"primeiro-dia-da-novena-a-padroeira-nossa-senhora-mae-de-deus-missa-e-adoracao-ao-santissimo-padre-luiz-carlos-diacono-marcio-acolhida-ministro-boscaro-entrada-com-nossa-senhora-peregrina-ministr","status":"publish","type":"post","link":"https:\/\/universidadedacapoeira.com\/index.php\/2023\/12\/10\/primeiro-dia-da-novena-a-padroeira-nossa-senhora-mae-de-deus-missa-e-adoracao-ao-santissimo-padre-luiz-carlos-diacono-marcio-acolhida-ministro-boscaro-entrada-com-nossa-senhora-peregrina-ministr\/","title":{"rendered":"Primeiro Dia da Novena \u00e0 Padroeira Nossa Senhora M\u00e3e de Deus, Missa e Adora\u00e7\u00e3o ao Sant\u00edssimo. Padre Luiz Carlos. Di\u00e1cono M\u00e1rcio . Acolhida Ministro B\u00f4scaro. Entrada com Nossa Senhora Peregrina Ministro Amaro. M\u00fasica Ludmila. Igreja Nossa Senhora M\u00e3e de Deus, Juiz de Fora. IMG_8957. 783 GB. 19h30. 30Ago23."},"content":{"rendered":"\n<figure class=\"wp-block-embed is-type-video is-provider-youtube wp-block-embed-youtube wp-embed-aspect-16-9 wp-has-aspect-ratio\"><div class=\"wp-block-embed__wrapper\">\n<iframe loading=\"lazy\" title=\"Novena \u00e0 Padroeira. Missa\/B\u00ean\u00e7\u00e3o do Sant\u00edssimo. Padre Luiz Carlos Vit\u00f3rio. IMG_9957. 30Ago23. 1\u00ba Dia\" width=\"500\" height=\"281\" src=\"https:\/\/www.youtube.com\/embed\/OTcVNwQoBfw?feature=oembed\" frameborder=\"0\" allow=\"accelerometer; autoplay; clipboard-write; encrypted-media; gyroscope; picture-in-picture; web-share\" referrerpolicy=\"strict-origin-when-cross-origin\" allowfullscreen><\/iframe>\n<\/div><\/figure>\n","protected":false},"excerpt":{"rendered":"<p>Primeiro Dia da Novena \u00e0 Padroeira Nossa Senhora M\u00e3e de Deus, Missa e Adora\u00e7\u00e3o ao Sant\u00edssimo. Padre Luiz Carlos Vit\u00f3rio. Di\u00e1cono M\u00e1rcio Rosa dos Santos. Acolhida Ministro Extraordin\u00e1rio da Sagrada Comunh\u00e3o Eduardo B\u00f4scaro. Entrada com Nossa Senhora Peregrina Ministro Extraordin\u00e1rio da Sagrada Comunh\u00e3o Amaro Azevedo. M\u00fasica Ludmila Ribeiro B\u00f4scaro Yung. Igreja Nossa Senhora M\u00e3e de Deus, Bairro Nossa Senhora de Lourdes, Juiz de Fora, Minas Gerais\/MG, Brasil. Registro de Capoeira Mestre Pol\u00eamico &#8211; Professor Jo\u00e3o Couto Teixeira. IMG_8957. 783 GB. 19h30. Quarta-feira, 30 de Agosto de 2023. HD 1080p.<br \/>\nUniversidade Livre de Estudos Culturais da Capoeira &#8211; Universidade da Capoeira &#8211; UNICAPOEIRA, Instituto de Educa\u00e7\u00e3o Socioambiental &#8211; IESAMBI, Associa\u00e7\u00e3o de Capoeira &#8211; ASCA e Grupo de Capoeira MEIA LUA &#8211; Fundado Ter\u00e7a-feira, 29 de Maio de 1962.<\/p>\n<p>Seja membro deste canal e ganhe benef\u00edcios:<br \/>\nhttps:\/\/www.youtube.com\/channel\/UCE6HrA5Y_VZ4-hgw8FG13aw\/join<\/p>\n","protected":false},"author":2,"featured_media":8016,"comment_status":"open","ping_status":"open","sticky":false,"template":"","format":"video","meta":{"footnotes":""},"categories":[4674],"tags":[544,6916,6914,6919,942,43,4234,6915,1742,4196,6917,236,55,237,6913,6480,4468,6912,6918,519,6483,411],"class_list":["post-8015","post","type-post","status-publish","format-video","has-post-thumbnail","hentry","category-celebracao-eucaristica","tag-19h30","tag-783-gb","tag-acolhida-ministro-extraordinario-da-sagrada-comunhao-eduardo-boscaro","tag-associacao-de-capoeira-asca-grupo-de-capoeira-meia-lua-fundado-terca-feira-29-de-maio-de-1962","tag-bairro-nossa-senhora-de-lourdes","tag-brasil","tag-diacono-marcio-rosa-dos-santos","tag-entrada-com-nossa-senhora-peregrina-ministro-extraordinario-da-sagrada-comunhao-amaro-azevedo","tag-hd-1080p","tag-igreja-nossa-senhora-mae-de-deus","tag-img_8957","tag-instituto-de-educacao-socioambiental-iesambi","tag-juiz-de-fora","tag-minas-gerais-mg-3","tag-missa-e-adoracao-ao-santissimo","tag-musica-ludmila-ribeiro-boscaro-yung","tag-padre-luiz-carlos-vitorio","tag-primeiro-dia-da-novena-a-padroeira-nossa-senhora-mae-de-deus","tag-quarta-feira-30-de-agosto-de-2023","tag-registro-de-capoeira-mestre-polemico-professor-joao-couto-teixeira","tag-seja-membro-deste-canal-e-ganhe-beneficios-https-www-youtube-com-channel-uce6hra5y_vz4-hgw8fg13aw-join","tag-universidade-livre-de-estudos-culturais-da-capoeira-universidade-da-capoeira-unicapoeira","post_format-post-format-video"],"_links":{"self":[{"href":"https:\/\/universidadedacapoeira.com\/index.php\/wp-json\/wp\/v2\/posts\/8015","targetHints":{"allow":["GET"]}}],"collection":[{"href":"https:\/\/universidadedacapoeira.com\/index.php\/wp-json\/wp\/v2\/posts"}],"about":[{"href":"https:\/\/universidadedacapoeira.com\/index.php\/wp-json\/wp\/v2\/types\/post"}],"author":[{"embeddable":true,"href":"https:\/\/universidadedacapoeira.com\/index.php\/wp-json\/wp\/v2\/users\/2"}],"replies":[{"embeddable":true,"href":"https:\/\/universidadedacapoeira.com\/index.php\/wp-json\/wp\/v2\/comments?post=8015"}],"version-history":[{"count":1,"href":"https:\/\/universidadedacapoeira.com\/index.php\/wp-json\/wp\/v2\/posts\/8015\/revisions"}],"predecessor-version":[{"id":8017,"href":"https:\/\/universidadedacapoeira.com\/index.php\/wp-json\/wp\/v2\/posts\/8015\/revisions\/8017"}],"wp:featuredmedia":[{"embeddable":true,"href":"https:\/\/universidadedacapoeira.com\/index.php\/wp-json\/wp\/v2\/media\/8016"}],"wp:attachment":[{"href":"https:\/\/universidadedacapoeira.com\/index.php\/wp-json\/wp\/v2\/media?parent=8015"}],"wp:term":[{"taxonomy":"category","embeddable":true,"href":"https:\/\/universidadedacapoeira.com\/index.php\/wp-json\/wp\/v2\/categories?post=8015"},{"taxonomy":"post_tag","embeddable":true,"href":"https:\/\/universidadedacapoeira.com\/index.php\/wp-json\/wp\/v2\/tags?post=8015"}],"curies":[{"name":"wp","href":"https:\/\/api.w.org\/{rel}","templated":true}]}}