{"id":7999,"date":"2023-12-10T13:52:27","date_gmt":"2023-12-10T16:52:27","guid":{"rendered":"http:\/\/universidadedacapoeira.com\/?p=7999"},"modified":"2023-12-10T13:52:28","modified_gmt":"2023-12-10T16:52:28","slug":"nuvem-baixa-no-giro-da-nave-terra-para-o-lado-iluminado-pelo-nosso-sol-no-multiverso-tiguera-360-juiz-de-fora-img_1630-3-2104-mb-05h56-8-22ago23","status":"publish","type":"post","link":"https:\/\/universidadedacapoeira.com\/index.php\/2023\/12\/10\/nuvem-baixa-no-giro-da-nave-terra-para-o-lado-iluminado-pelo-nosso-sol-no-multiverso-tiguera-360-juiz-de-fora-img_1630-3-2104-mb-05h56-8-22ago23\/","title":{"rendered":"Nuvem Baixa no Giro da Nave Terra para o Lado Iluminado pelo nosso Sol no Multiverso. Tig\u00fc\u00e9ra 360, Juiz de Fora. IMG_1630\/3. 210,4 MB. 05h56\/8. 22Ago23."},"content":{"rendered":"\n<figure class=\"wp-block-embed is-type-video is-provider-youtube wp-block-embed-youtube wp-embed-aspect-16-9 wp-has-aspect-ratio\"><div class=\"wp-block-embed__wrapper\">\n<iframe loading=\"lazy\" title=\"Nuvem Baixa no Giro da Nave Terra. Tig\u00fc\u00e9ra 360, Juiz de Fora, Brasil. IMG_1630. 210,4 MB. 22Ago23\" width=\"500\" height=\"281\" src=\"https:\/\/www.youtube.com\/embed\/DwmZmsfS3y4?feature=oembed\" frameborder=\"0\" allow=\"accelerometer; autoplay; clipboard-write; encrypted-media; gyroscope; picture-in-picture; web-share\" referrerpolicy=\"strict-origin-when-cross-origin\" allowfullscreen><\/iframe>\n<\/div><\/figure>\n","protected":false},"excerpt":{"rendered":"<p>Nuvem Baixa no Giro da Nave Terra para o Lado Iluminado pelo nosso Sol no Multiverso. Sacada Dorsal, Tig\u00fc\u00e9ra 360, Juiz de Fora, Minas Gerais\/MG, Brasil. Registro de Capoeira Mestre Pol\u00eamico &#8211; Professor Jo\u00e3o Couto Teixeira. IMG_1630\/3. 210,4 MB. 05h56\/8. Ter\u00e7a-feira, 22 de Agosto de 2023. HD 1080p.<br \/>\nUniversidade Livre de Estudos Culturais da Capoeira &#8211; Universidade da Capoeira &#8211; UNICAPOEIRA, Instituto de Educa\u00e7\u00e3o Socioambiental &#8211; IESAMBI, Associa\u00e7\u00e3o de Capoeira &#8211; ASCA e Grupo de Capoeira MEIA LUA &#8211; Fundado Ter\u00e7a-feira, 29 de Maio de 1962.<\/p>\n<p>Seja membro deste canal e ganhe benef\u00edcios:<br \/>\nhttps:\/\/www.youtube.com\/channel\/UCE6HrA5Y_VZ4-hgw8FG13aw\/join<\/p>\n","protected":false},"author":2,"featured_media":8000,"comment_status":"open","ping_status":"open","sticky":false,"template":"","format":"video","meta":{"footnotes":""},"categories":[5],"tags":[6896,6895,2605,43,6114,1742,6894,236,55,237,6893,519,1342,6483,6814,4320,411],"class_list":["post-7999","post","type-post","status-publish","format-video","has-post-thumbnail","hentry","category-nature","tag-05h56-8","tag-210-4-mb","tag-associacao-de-capoeira-asca","tag-brasil","tag-grupo-de-capoeira-meia-lua-fundado-terca-feira-29-de-maio-de-1962","tag-hd-1080p","tag-img_1630-3","tag-instituto-de-educacao-socioambiental-iesambi","tag-juiz-de-fora","tag-minas-gerais-mg-3","tag-nuvem-baixa-no-giro-da-nave-terra-para-o-lado-iluminado-pelo-nosso-sol-no-multiverso","tag-registro-de-capoeira-mestre-polemico-professor-joao-couto-teixeira","tag-sacada-dorsal","tag-seja-membro-deste-canal-e-ganhe-beneficios-https-www-youtube-com-channel-uce6hra5y_vz4-hgw8fg13aw-join","tag-terca-feira-22-de-agosto-de-2023","tag-tiguera-360-2","tag-universidade-livre-de-estudos-culturais-da-capoeira-universidade-da-capoeira-unicapoeira","post_format-post-format-video"],"_links":{"self":[{"href":"https:\/\/universidadedacapoeira.com\/index.php\/wp-json\/wp\/v2\/posts\/7999","targetHints":{"allow":["GET"]}}],"collection":[{"href":"https:\/\/universidadedacapoeira.com\/index.php\/wp-json\/wp\/v2\/posts"}],"about":[{"href":"https:\/\/universidadedacapoeira.com\/index.php\/wp-json\/wp\/v2\/types\/post"}],"author":[{"embeddable":true,"href":"https:\/\/universidadedacapoeira.com\/index.php\/wp-json\/wp\/v2\/users\/2"}],"replies":[{"embeddable":true,"href":"https:\/\/universidadedacapoeira.com\/index.php\/wp-json\/wp\/v2\/comments?post=7999"}],"version-history":[{"count":1,"href":"https:\/\/universidadedacapoeira.com\/index.php\/wp-json\/wp\/v2\/posts\/7999\/revisions"}],"predecessor-version":[{"id":8001,"href":"https:\/\/universidadedacapoeira.com\/index.php\/wp-json\/wp\/v2\/posts\/7999\/revisions\/8001"}],"wp:featuredmedia":[{"embeddable":true,"href":"https:\/\/universidadedacapoeira.com\/index.php\/wp-json\/wp\/v2\/media\/8000"}],"wp:attachment":[{"href":"https:\/\/universidadedacapoeira.com\/index.php\/wp-json\/wp\/v2\/media?parent=7999"}],"wp:term":[{"taxonomy":"category","embeddable":true,"href":"https:\/\/universidadedacapoeira.com\/index.php\/wp-json\/wp\/v2\/categories?post=7999"},{"taxonomy":"post_tag","embeddable":true,"href":"https:\/\/universidadedacapoeira.com\/index.php\/wp-json\/wp\/v2\/tags?post=7999"}],"curies":[{"name":"wp","href":"https:\/\/api.w.org\/{rel}","templated":true}]}}