{"id":7982,"date":"2023-12-10T10:03:02","date_gmt":"2023-12-10T13:03:02","guid":{"rendered":"http:\/\/universidadedacapoeira.com\/?p=7982"},"modified":"2023-12-10T10:06:41","modified_gmt":"2023-12-10T13:06:41","slug":"missa-padres-osmar-e-luiz-carlos-diacono-marcio-ministrs-maria-angelica-e-ronaldo-acolhimento-ministra-isabel-salmo-e-musica-luiz-e-ludmila-sociedade-sao-vicente-de-paulo-comunidade-nossa-senh","status":"publish","type":"post","link":"https:\/\/universidadedacapoeira.com\/index.php\/2023\/12\/10\/missa-padres-osmar-e-luiz-carlos-diacono-marcio-ministrs-maria-angelica-e-ronaldo-acolhimento-ministra-isabel-salmo-e-musica-luiz-e-ludmila-sociedade-sao-vicente-de-paulo-comunidade-nossa-senh\/","title":{"rendered":"Missa. Padres Osmar e Luiz Carlos. Di\u00e1cono M\u00e1rcio. Ministr@s Maria Ang\u00e9lica e Ronaldo. Acolhimento Ministra Isabel. Salmo e M\u00fasica Luiz e Ludmila. Sociedade S\u00e3o Vicente de Paulo, Comunidade Nossa Senhora do Carmo, Juiz de Fora. IMG_8940. 7,7 GB. 19h30. 25Ago23."},"content":{"rendered":"\n<figure class=\"wp-block-embed is-type-video is-provider-youtube wp-block-embed-youtube wp-embed-aspect-16-9 wp-has-aspect-ratio\"><div class=\"wp-block-embed__wrapper\">\n<iframe loading=\"lazy\" title=\"Missa: Padres Osmar e Carlos Augusto. Sociedade S\u00e3o Vicente de Paulo, JF. IMG_8940. 7,7 GB. 18Ago23\" width=\"500\" height=\"281\" src=\"https:\/\/www.youtube.com\/embed\/-8PZgpRA2c0?feature=oembed\" frameborder=\"0\" allow=\"accelerometer; autoplay; clipboard-write; encrypted-media; gyroscope; picture-in-picture; web-share\" referrerpolicy=\"strict-origin-when-cross-origin\" allowfullscreen><\/iframe>\n<\/div><\/figure>\n","protected":false},"excerpt":{"rendered":"<p>Celebra\u00e7\u00e3o Eucar\u00edstica. Padres Osmar Bezerra dos Santos e Luiz Carlos Vit\u00f3rio. Di\u00e1cono M\u00e1rcio Rosa dos Santos. Ministr@s Extraordin\u00e1ri@s da Sagrada Comunh\u00e3o Maria Ang\u00e9lica A. de Moraes e Ronaldo Tavares.  Acolhimento Ministra Extraordin\u00e1ria da Sagrada Comunh\u00e3o Isabel Brugiolo. Salmo e M\u00fasica Luiz Gajardo e Ludmila. Sociedade S\u00e3o Vicente de Paulo, Comunidade Nossa Senhora do Carmo, Conjunto JK, Bairro Costa Carvalho, Juiz de Fora, Minas Gerais\/MG, Brasil. Registro de Capoeira Mestre Pol\u00eamico &#8211; Professor Jo\u00e3o Couto Teixeira. IMG_8940. 7,7 GB. 19h30. Sexta-feira, 25 de Agosto de 2023. HD 1080p.<br \/>\nUniversidade Livre de Estudos Culturais da Capoeira &#8211; Universidade da Capoeira &#8211; UNICAPOEIRA, Instituto de Educa\u00e7\u00e3o Socioambiental &#8211; IESAMBI, Associa\u00e7\u00e3o de Capoeira &#8211; ASCA e Grupo de Capoeira MEIA LUA &#8211; Fundado Ter\u00e7a-feira, 29 de Maio de 1962.<\/p>\n<p>Seja membro deste canal e ganhe benef\u00edcios:<br \/>\nhttps:\/\/www.youtube.com\/channel\/UCE6HrA5Y_VZ4-hgw8FG13aw\/join<\/p>\n","protected":false},"author":2,"featured_media":7983,"comment_status":"open","ping_status":"open","sticky":false,"template":"","format":"video","meta":{"footnotes":""},"categories":[4674],"tags":[544,463,6874,2605,2448,43,1010,6706,4184,4234,6114,1742,6875,236,55,237,6872,6871,519,6873,6483,6830,4183,411],"class_list":["post-7982","post","type-post","status-publish","format-video","has-post-thumbnail","hentry","category-celebracao-eucaristica","tag-19h30","tag-7-7-gb","tag-acolhimento-ministra-extraordinaria-da-sagrada-comunhao-isabel-brugiolo","tag-associacao-de-capoeira-asca","tag-bairro-costa-carvalho","tag-brasil","tag-celebracao-eucaristica","tag-comunidade-nossa-senhora-do-carmo","tag-conjunto-jk","tag-diacono-marcio-rosa-dos-santos","tag-grupo-de-capoeira-meia-lua-fundado-terca-feira-29-de-maio-de-1962","tag-hd-1080p","tag-img_8940","tag-instituto-de-educacao-socioambiental-iesambi","tag-juiz-de-fora","tag-minas-gerais-mg-3","tag-ministrs-extraordinaris-da-sagrada-comunhao-angelica-a-de-moraes-e-ronaldo-tavares","tag-padres-osmar-bezerra-dos-santos-e-luiz-carlos-vitorio","tag-registro-de-capoeira-mestre-polemico-professor-joao-couto-teixeira","tag-salmo-e-musica-luiz-gajardo-e-ludmila","tag-seja-membro-deste-canal-e-ganhe-beneficios-https-www-youtube-com-channel-uce6hra5y_vz4-hgw8fg13aw-join","tag-sexta-feira-25-de-agosto-de-2023","tag-sociedade-sao-vicente-de-paulo","tag-universidade-livre-de-estudos-culturais-da-capoeira-universidade-da-capoeira-unicapoeira","post_format-post-format-video"],"_links":{"self":[{"href":"https:\/\/universidadedacapoeira.com\/index.php\/wp-json\/wp\/v2\/posts\/7982","targetHints":{"allow":["GET"]}}],"collection":[{"href":"https:\/\/universidadedacapoeira.com\/index.php\/wp-json\/wp\/v2\/posts"}],"about":[{"href":"https:\/\/universidadedacapoeira.com\/index.php\/wp-json\/wp\/v2\/types\/post"}],"author":[{"embeddable":true,"href":"https:\/\/universidadedacapoeira.com\/index.php\/wp-json\/wp\/v2\/users\/2"}],"replies":[{"embeddable":true,"href":"https:\/\/universidadedacapoeira.com\/index.php\/wp-json\/wp\/v2\/comments?post=7982"}],"version-history":[{"count":2,"href":"https:\/\/universidadedacapoeira.com\/index.php\/wp-json\/wp\/v2\/posts\/7982\/revisions"}],"predecessor-version":[{"id":7986,"href":"https:\/\/universidadedacapoeira.com\/index.php\/wp-json\/wp\/v2\/posts\/7982\/revisions\/7986"}],"wp:featuredmedia":[{"embeddable":true,"href":"https:\/\/universidadedacapoeira.com\/index.php\/wp-json\/wp\/v2\/media\/7983"}],"wp:attachment":[{"href":"https:\/\/universidadedacapoeira.com\/index.php\/wp-json\/wp\/v2\/media?parent=7982"}],"wp:term":[{"taxonomy":"category","embeddable":true,"href":"https:\/\/universidadedacapoeira.com\/index.php\/wp-json\/wp\/v2\/categories?post=7982"},{"taxonomy":"post_tag","embeddable":true,"href":"https:\/\/universidadedacapoeira.com\/index.php\/wp-json\/wp\/v2\/tags?post=7982"}],"curies":[{"name":"wp","href":"https:\/\/api.w.org\/{rel}","templated":true}]}}