{"id":7973,"date":"2023-12-10T08:17:08","date_gmt":"2023-12-10T11:17:08","guid":{"rendered":"http:\/\/universidadedacapoeira.com\/?p=7973"},"modified":"2023-12-10T08:17:10","modified_gmt":"2023-12-10T11:17:10","slug":"jabutijoao-em-familia-tiguera-360-juiz-de-fora-img_0997-104-gb-10h33-06ago23","status":"publish","type":"post","link":"https:\/\/universidadedacapoeira.com\/index.php\/2023\/12\/10\/jabutijoao-em-familia-tiguera-360-juiz-de-fora-img_0997-104-gb-10h33-06ago23\/","title":{"rendered":"JabutiJo\u00e3o em Fam\u00edlia. Tig\u00fc\u00e9ra 360, Juiz de Fora. IMG_0997. 1,04 GB. 10h33. 06Ago23."},"content":{"rendered":"\n<figure class=\"wp-block-embed is-type-video is-provider-youtube wp-block-embed-youtube wp-embed-aspect-16-9 wp-has-aspect-ratio\"><div class=\"wp-block-embed__wrapper\">\n<iframe loading=\"lazy\" title=\"JabutiJo\u00e3o em Fam\u00edlia: Forno. Garagem, Tig\u00fc\u00e9ra 360, Juiz de Fora, Brasil. IMG_0997. 211 MB. 02Ago23\" width=\"500\" height=\"281\" src=\"https:\/\/www.youtube.com\/embed\/LU0MbcSBD20?feature=oembed\" frameborder=\"0\" allow=\"accelerometer; autoplay; clipboard-write; encrypted-media; gyroscope; picture-in-picture; web-share\" referrerpolicy=\"strict-origin-when-cross-origin\" allowfullscreen><\/iframe>\n<\/div><\/figure>\n","protected":false},"excerpt":{"rendered":"<p>JabutiJo\u00e3o em Fam\u00edlia. Forno, Jardim, Quintal Alto, Adubeira, Escalada, Garagem, Tig\u00fc\u00e9ra 360, Juiz de Fora, Minas Gerais\/MG, Brasil. Registro de Capoeira Mestre Pol\u00eamico &#8211; Professor Jo\u00e3o Couto Teixeira. IMG_0997. 1,04 GB. 10h33. Domingo, 06 de Agosto de 2023. HD 1080p.<br \/>\nUniversidade Livre de Estudos Culturais da Capoeira &#8211; Universidade da Capoeira &#8211; UNICAPOEIRA, Instituto de Educa\u00e7\u00e3o Socioambiental &#8211; IESAMBI, Associa\u00e7\u00e3o de Capoeira &#8211; ASCA e Grupo de Capoeira MEIA LUA &#8211; Fundado Ter\u00e7a-feira, 29 de Maio de 1962.<\/p>\n<p>Seja membro deste canal e ganhe benef\u00edcios:<br \/>\nhttps:\/\/www.youtube.com\/channel\/UCE6HrA5Y_VZ4-hgw8FG13aw\/join<\/p>\n","protected":false},"author":2,"featured_media":7974,"comment_status":"open","ping_status":"open","sticky":false,"template":"","format":"video","meta":{"footnotes":""},"categories":[4722],"tags":[1522,6863,975,2605,43,6713,3709,6861,3301,6114,1742,6862,236,6860,1287,55,237,908,519,6483,4320,411],"class_list":["post-7973","post","type-post","status-publish","format-video","has-post-thumbnail","hentry","category-animais","tag-1-04-gb","tag-10h33","tag-adubeira","tag-associacao-de-capoeira-asca","tag-brasil","tag-domingo-06-de-agosto-de-2023","tag-escalada","tag-forno","tag-garagem","tag-grupo-de-capoeira-meia-lua-fundado-terca-feira-29-de-maio-de-1962","tag-hd-1080p","tag-img_0997","tag-instituto-de-educacao-socioambiental-iesambi","tag-jabutijoao-em-familia","tag-jardim","tag-juiz-de-fora","tag-minas-gerais-mg-3","tag-quintal-alto","tag-registro-de-capoeira-mestre-polemico-professor-joao-couto-teixeira","tag-seja-membro-deste-canal-e-ganhe-beneficios-https-www-youtube-com-channel-uce6hra5y_vz4-hgw8fg13aw-join","tag-tiguera-360-2","tag-universidade-livre-de-estudos-culturais-da-capoeira-universidade-da-capoeira-unicapoeira","post_format-post-format-video"],"_links":{"self":[{"href":"https:\/\/universidadedacapoeira.com\/index.php\/wp-json\/wp\/v2\/posts\/7973","targetHints":{"allow":["GET"]}}],"collection":[{"href":"https:\/\/universidadedacapoeira.com\/index.php\/wp-json\/wp\/v2\/posts"}],"about":[{"href":"https:\/\/universidadedacapoeira.com\/index.php\/wp-json\/wp\/v2\/types\/post"}],"author":[{"embeddable":true,"href":"https:\/\/universidadedacapoeira.com\/index.php\/wp-json\/wp\/v2\/users\/2"}],"replies":[{"embeddable":true,"href":"https:\/\/universidadedacapoeira.com\/index.php\/wp-json\/wp\/v2\/comments?post=7973"}],"version-history":[{"count":1,"href":"https:\/\/universidadedacapoeira.com\/index.php\/wp-json\/wp\/v2\/posts\/7973\/revisions"}],"predecessor-version":[{"id":7975,"href":"https:\/\/universidadedacapoeira.com\/index.php\/wp-json\/wp\/v2\/posts\/7973\/revisions\/7975"}],"wp:featuredmedia":[{"embeddable":true,"href":"https:\/\/universidadedacapoeira.com\/index.php\/wp-json\/wp\/v2\/media\/7974"}],"wp:attachment":[{"href":"https:\/\/universidadedacapoeira.com\/index.php\/wp-json\/wp\/v2\/media?parent=7973"}],"wp:term":[{"taxonomy":"category","embeddable":true,"href":"https:\/\/universidadedacapoeira.com\/index.php\/wp-json\/wp\/v2\/categories?post=7973"},{"taxonomy":"post_tag","embeddable":true,"href":"https:\/\/universidadedacapoeira.com\/index.php\/wp-json\/wp\/v2\/tags?post=7973"}],"curies":[{"name":"wp","href":"https:\/\/api.w.org\/{rel}","templated":true}]}}