{"id":7946,"date":"2023-12-09T14:21:36","date_gmt":"2023-12-09T17:21:36","guid":{"rendered":"http:\/\/universidadedacapoeira.com\/?p=7946"},"modified":"2023-12-09T14:21:36","modified_gmt":"2023-12-09T17:21:36","slug":"terco-dos-homens-em-familia-ministro-boscaro-igreja-nossa-senhora-mae-de-deus-juiz-de-fora-img_8919-399-gb-09h15-20ago23","status":"publish","type":"post","link":"https:\/\/universidadedacapoeira.com\/index.php\/2023\/12\/09\/terco-dos-homens-em-familia-ministro-boscaro-igreja-nossa-senhora-mae-de-deus-juiz-de-fora-img_8919-399-gb-09h15-20ago23\/","title":{"rendered":"Ter\u00e7o dos Homens em Fam\u00edlia. Ministro B\u00f4scaro. Igreja Nossa Senhora M\u00e3e de Deus, Juiz de Fora. IMG_8919. 3,99 GB. 09h15. 20Ago23."},"content":{"rendered":"\n<figure class=\"wp-block-embed is-type-video is-provider-youtube wp-block-embed-youtube wp-embed-aspect-16-9 wp-has-aspect-ratio\"><div class=\"wp-block-embed__wrapper\">\n<iframe loading=\"lazy\" title=\"Ter\u00e7o dos Homens em Fam\u00edlia: Ministro B\u00f4scaro. Igreja N. Sra. M\u00e3e de Deus. IMG_8919\/3,99 GB. 20Ago23\" width=\"500\" height=\"281\" src=\"https:\/\/www.youtube.com\/embed\/H76Tc-HFsmw?feature=oembed\" frameborder=\"0\" allow=\"accelerometer; autoplay; clipboard-write; encrypted-media; gyroscope; picture-in-picture; web-share\" referrerpolicy=\"strict-origin-when-cross-origin\" allowfullscreen><\/iframe>\n<\/div><\/figure>\n","protected":false},"excerpt":{"rendered":"<p>Ter\u00e7o dos Homens em Fam\u00edlia. Ministro Extraordin\u00e1rio da Sagrada Comunh\u00e3o Eduardo B\u00f4scaro. Igreja Nossa Senhora M\u00e3e de Deus, Bairro Nossa Senhora de Lourdes, Juiz de Fora, Minas Gerais\/MG, Brasil. Registro de Capoeira Mestre Pol\u00eamico &#8211; Professor Jo\u00e3o Couto Teixeira. IMG_8919. 3,99 GB. 09h15. Domingo, 20 de Agosto de 2023. HD 1080p.<br \/>\nUniversidade Livre de Estudos Culturais da Capoeira &#8211; Universidade da Capoeira &#8211; UNICAPOEIRA, Instituto de Educa\u00e7\u00e3o Socioambiental &#8211; IESAMBI, Associa\u00e7\u00e3o de Capoeira &#8211; ASCA e Grupo de Capoeira MEIA LUA &#8211; Fundado em 29 de Maio de 1962.<\/p>\n<p>Seja membro deste canal e ganhe benef\u00edcios:<br \/>\nhttps:\/\/www.youtube.com\/channel\/UCE6HrA5Y_VZ4-hgw8FG13aw\/join<\/p>\n","protected":false},"author":2,"featured_media":7947,"comment_status":"open","ping_status":"open","sticky":false,"template":"","format":"video","meta":{"footnotes":""},"categories":[4675],"tags":[1456,6804,2605,942,43,6803,1737,1742,4196,6801,236,55,237,6414,519,6483,4233,411],"class_list":["post-7946","post","type-post","status-publish","format-video","has-post-thumbnail","hentry","category-terco-dos-homens-em-familia","tag-09h15","tag-3-99-gb","tag-associacao-de-capoeira-asca","tag-bairro-nossa-senhora-de-lourdes","tag-brasil","tag-domingo-20-de-agosto-de-2023","tag-grupo-de-capoeira-meia-lua-fundado-em-29-de-maio-de-1962","tag-hd-1080p","tag-igreja-nossa-senhora-mae-de-deus","tag-img_8919","tag-instituto-de-educacao-socioambiental-iesambi","tag-juiz-de-fora","tag-minas-gerais-mg-3","tag-ministro-extraordinario-da-sagrada-comunhao-eduardo-boscaro","tag-registro-de-capoeira-mestre-polemico-professor-joao-couto-teixeira","tag-seja-membro-deste-canal-e-ganhe-beneficios-https-www-youtube-com-channel-uce6hra5y_vz4-hgw8fg13aw-join","tag-terco-dos-homens-em-familia","tag-universidade-livre-de-estudos-culturais-da-capoeira-universidade-da-capoeira-unicapoeira","post_format-post-format-video"],"_links":{"self":[{"href":"https:\/\/universidadedacapoeira.com\/index.php\/wp-json\/wp\/v2\/posts\/7946","targetHints":{"allow":["GET"]}}],"collection":[{"href":"https:\/\/universidadedacapoeira.com\/index.php\/wp-json\/wp\/v2\/posts"}],"about":[{"href":"https:\/\/universidadedacapoeira.com\/index.php\/wp-json\/wp\/v2\/types\/post"}],"author":[{"embeddable":true,"href":"https:\/\/universidadedacapoeira.com\/index.php\/wp-json\/wp\/v2\/users\/2"}],"replies":[{"embeddable":true,"href":"https:\/\/universidadedacapoeira.com\/index.php\/wp-json\/wp\/v2\/comments?post=7946"}],"version-history":[{"count":1,"href":"https:\/\/universidadedacapoeira.com\/index.php\/wp-json\/wp\/v2\/posts\/7946\/revisions"}],"predecessor-version":[{"id":7948,"href":"https:\/\/universidadedacapoeira.com\/index.php\/wp-json\/wp\/v2\/posts\/7946\/revisions\/7948"}],"wp:featuredmedia":[{"embeddable":true,"href":"https:\/\/universidadedacapoeira.com\/index.php\/wp-json\/wp\/v2\/media\/7947"}],"wp:attachment":[{"href":"https:\/\/universidadedacapoeira.com\/index.php\/wp-json\/wp\/v2\/media?parent=7946"}],"wp:term":[{"taxonomy":"category","embeddable":true,"href":"https:\/\/universidadedacapoeira.com\/index.php\/wp-json\/wp\/v2\/categories?post=7946"},{"taxonomy":"post_tag","embeddable":true,"href":"https:\/\/universidadedacapoeira.com\/index.php\/wp-json\/wp\/v2\/tags?post=7946"}],"curies":[{"name":"wp","href":"https:\/\/api.w.org\/{rel}","templated":true}]}}