{"id":7905,"date":"2023-11-27T20:18:28","date_gmt":"2023-11-27T23:18:28","guid":{"rendered":"http:\/\/universidadedacapoeira.com\/?p=7905"},"modified":"2023-11-28T08:13:36","modified_gmt":"2023-11-28T11:13:36","slug":"missa-padre-luiz-carlos-diacono-marcio-ministrs-amaro-e-claudia-igreja-nossa-senhora-mae-de-deus-juiz-de-fora-img_8856-505-gb-08h00-06ago23","status":"publish","type":"post","link":"https:\/\/universidadedacapoeira.com\/index.php\/2023\/11\/27\/missa-padre-luiz-carlos-diacono-marcio-ministrs-amaro-e-claudia-igreja-nossa-senhora-mae-de-deus-juiz-de-fora-img_8856-505-gb-08h00-06ago23\/","title":{"rendered":"Missa. Padre Luiz Carlos. Di\u00e1cono M\u00e1rcio. Ministr@s Amaro e Cl\u00e1udia. Igreja Nossa Senhora M\u00e3e de Deus, Juiz de Fora. IMG_8856. 5,05 GB. 08h00. 06Ago23."},"content":{"rendered":"\n<figure class=\"wp-block-embed is-type-video is-provider-youtube wp-block-embed-youtube wp-embed-aspect-16-9 wp-has-aspect-ratio\"><div class=\"wp-block-embed__wrapper\">\n<iframe loading=\"lazy\" title=\"Missa: Padre Luiz Carlos Vit\u00f3rio. Ministr@s Amaro, Cl\u00e1udia. Juiz de Fora. IMG_8856. 5,05 GB. 06Ago23\" width=\"500\" height=\"281\" src=\"https:\/\/www.youtube.com\/embed\/YZ1txL0Iq5I?feature=oembed\" frameborder=\"0\" allow=\"accelerometer; autoplay; clipboard-write; encrypted-media; gyroscope; picture-in-picture; web-share\" referrerpolicy=\"strict-origin-when-cross-origin\" allowfullscreen><\/iframe>\n<\/div><\/figure>\n","protected":false},"excerpt":{"rendered":"<p>Celebra\u00e7\u00e3o Eucar\u00edstica. Padre Luiz Carlos Vit\u00f3rio. Di\u00e1cono M\u00e1rcio Rosa dos Santos. Ministr@s Extraordin\u00e1ri@s da Sagrada Comunh\u00e3o Amaro Azevedo e Cl\u00e1udia Cristina Lessa Duarte. Acolhida e Preces da Comunidade Ana. M\u00fasica Sidney. Igreja Nossa Senhora M\u00e3e de Deus, Bairro Nossa Senhora de Lourdes, Juiz de Fora, Minas Gerais\/MG, Brasil. Registro de Capoeira Mestre Pol\u00eamico &#8211; Professor Jo\u00e3o Couto Teixeira. IMG_8856. 5,05 GB. 08h00. Domingo, 06 de Agosto de 2023. HD 1080p.<br \/>\nUniversidade Livre de Estudos Culturais da Capoeira &#8211; Universidade da Capoeira &#8211; UNICAPOEIRA, Instituto de Educa\u00e7\u00e3o Socioambiental &#8211; IESAMBI, Associa\u00e7\u00e3o de Capoeira &#8211; ASCA e Grupo de Capoeira MEIA LUA &#8211; Fundado Ter\u00e7a-feira, 29 de Maio de 1962.<\/p>\n<p>Seja membro deste canal e ganhe benef\u00edcios:<br \/>\nhttps:\/\/www.youtube.com\/channel\/UCE6HrA5Y_VZ4-hgw8FG13aw\/join<\/p>\n","protected":false},"author":2,"featured_media":7906,"comment_status":"open","ping_status":"open","sticky":false,"template":"","format":"video","meta":{"footnotes":""},"categories":[4674],"tags":[4643,6712,6714,2605,942,43,1010,4234,6713,6114,1742,4196,6711,236,55,237,6710,5872,4468,519,6483,411],"class_list":["post-7905","post","type-post","status-publish","format-video","has-post-thumbnail","hentry","category-celebracao-eucaristica","tag-08h00","tag-5-05-gb","tag-acolhida-e-preces-da-comunidade-ana","tag-associacao-de-capoeira-asca","tag-bairro-nossa-senhora-de-lourdes","tag-brasil","tag-celebracao-eucaristica","tag-diacono-marcio-rosa-dos-santos","tag-domingo-06-de-agosto-de-2023","tag-grupo-de-capoeira-meia-lua-fundado-terca-feira-29-de-maio-de-1962","tag-hd-1080p","tag-igreja-nossa-senhora-mae-de-deus","tag-img_8856","tag-instituto-de-educacao-socioambiental-iesambi","tag-juiz-de-fora","tag-minas-gerais-mg-3","tag-ministrs-extraordinaris-da-sagrada-comunhao-amaro-azevedo-e-claudia-cristina-lessa-duarte","tag-musica-sidney","tag-padre-luiz-carlos-vitorio","tag-registro-de-capoeira-mestre-polemico-professor-joao-couto-teixeira","tag-seja-membro-deste-canal-e-ganhe-beneficios-https-www-youtube-com-channel-uce6hra5y_vz4-hgw8fg13aw-join","tag-universidade-livre-de-estudos-culturais-da-capoeira-universidade-da-capoeira-unicapoeira","post_format-post-format-video"],"_links":{"self":[{"href":"https:\/\/universidadedacapoeira.com\/index.php\/wp-json\/wp\/v2\/posts\/7905","targetHints":{"allow":["GET"]}}],"collection":[{"href":"https:\/\/universidadedacapoeira.com\/index.php\/wp-json\/wp\/v2\/posts"}],"about":[{"href":"https:\/\/universidadedacapoeira.com\/index.php\/wp-json\/wp\/v2\/types\/post"}],"author":[{"embeddable":true,"href":"https:\/\/universidadedacapoeira.com\/index.php\/wp-json\/wp\/v2\/users\/2"}],"replies":[{"embeddable":true,"href":"https:\/\/universidadedacapoeira.com\/index.php\/wp-json\/wp\/v2\/comments?post=7905"}],"version-history":[{"count":2,"href":"https:\/\/universidadedacapoeira.com\/index.php\/wp-json\/wp\/v2\/posts\/7905\/revisions"}],"predecessor-version":[{"id":7909,"href":"https:\/\/universidadedacapoeira.com\/index.php\/wp-json\/wp\/v2\/posts\/7905\/revisions\/7909"}],"wp:featuredmedia":[{"embeddable":true,"href":"https:\/\/universidadedacapoeira.com\/index.php\/wp-json\/wp\/v2\/media\/7906"}],"wp:attachment":[{"href":"https:\/\/universidadedacapoeira.com\/index.php\/wp-json\/wp\/v2\/media?parent=7905"}],"wp:term":[{"taxonomy":"category","embeddable":true,"href":"https:\/\/universidadedacapoeira.com\/index.php\/wp-json\/wp\/v2\/categories?post=7905"},{"taxonomy":"post_tag","embeddable":true,"href":"https:\/\/universidadedacapoeira.com\/index.php\/wp-json\/wp\/v2\/tags?post=7905"}],"curies":[{"name":"wp","href":"https:\/\/api.w.org\/{rel}","templated":true}]}}