{"id":7886,"date":"2023-11-27T10:45:02","date_gmt":"2023-11-27T13:45:02","guid":{"rendered":"http:\/\/universidadedacapoeira.com\/?p=7886"},"modified":"2023-11-27T10:45:03","modified_gmt":"2023-11-27T13:45:03","slug":"passeio-a-cidade-maravilhosa-xico-eleny-e-salete-rio-de-janeiro-img_9678-3406-gb-17h15-04-09jul23","status":"publish","type":"post","link":"https:\/\/universidadedacapoeira.com\/index.php\/2023\/11\/27\/passeio-a-cidade-maravilhosa-xico-eleny-e-salete-rio-de-janeiro-img_9678-3406-gb-17h15-04-09jul23\/","title":{"rendered":"Passeio \u00e0 Cidade Maravilhosa. Xico, Eleny e Salete. Rio de Janeiro. IMG_9678. 34,06 GB. 17h15. 04\/09Jul23."},"content":{"rendered":"\n<figure class=\"wp-block-embed is-type-video is-provider-youtube wp-block-embed-youtube wp-embed-aspect-16-9 wp-has-aspect-ratio\"><div class=\"wp-block-embed__wrapper\">\n<iframe loading=\"lazy\" title=\"Cidade Maravilhosa: Xico, Eleny e Salete Libardoni. Rio de Janeiro\/RJ. IMG_9678. 34,06 GB. 04Jul23\" width=\"500\" height=\"281\" src=\"https:\/\/www.youtube.com\/embed\/C9NbtsQAubs?feature=oembed\" frameborder=\"0\" allow=\"accelerometer; autoplay; clipboard-write; encrypted-media; gyroscope; picture-in-picture; web-share\" referrerpolicy=\"strict-origin-when-cross-origin\" allowfullscreen><\/iframe>\n<\/div><\/figure>\n","protected":false},"excerpt":{"rendered":"<p>Passeio \u00e0 Cidade Maravilhosa. Xico &#8211; Francisco de Assis Couto Teixeira, Eleny Mazzoccoli Guimar\u00e3es e Salete Libardoni. Rio de Janeiro\/RJ, Brasil. Registro de Capoeira Mestre Pol\u00eamico &#8211; Professor Jo\u00e3o Couto Teixeira, Estrela Dalva &#8211; Artista Pl\u00e1stica e Cineasta Salete Libardoni, Xico &#8211; Francisco de Assis Couto Teixeira. IMG_9678\/0149 e 8740\/73. 34,06 GB. 17h15\/24. Ter\u00e7a-feira\/Domingo, 04\/09 de Julho de 2023. HD 1080p.<br \/>\nUniversidade Livre de Estudos Culturais da Capoeira &#8211; Universidade da Capoeira &#8211; UNICAPOEIRA, Instituto de Educa\u00e7\u00e3o Socioambiental &#8211; IESAMBI, Associa\u00e7\u00e3o de Capoeira &#8211; ASCA e Grupo de Capoeira MEIA LUA &#8211; Fundado Ter\u00e7a-feira, 29 de Maio de 1962.<\/p>\n<p>Seja membro deste canal e ganhe benef\u00edcios:<br \/>\nhttps:\/\/www.youtube.com\/channel\/UCE6HrA5Y_VZ4-hgw8FG13aw\/join<\/p>\n","protected":false},"author":2,"featured_media":7887,"comment_status":"open","ping_status":"open","sticky":false,"template":"","format":"video","meta":{"footnotes":""},"categories":[4741],"tags":[6685,6684,2605,43,6681,6114,1742,6683,236,6680,519,6579,6682,90,6483,6686,411,2098],"class_list":["post-7886","post","type-post","status-publish","format-video","has-post-thumbnail","hentry","category-familia","tag-17h15-24","tag-34-06-gb","tag-associacao-de-capoeira-asca","tag-brasil","tag-eleny-mazzoccoli-guimaraes-e-salete-libardoni","tag-grupo-de-capoeira-meia-lua-fundado-terca-feira-29-de-maio-de-1962","tag-hd-1080p","tag-img_9678-0149-e-8740-73","tag-instituto-de-educacao-socioambiental-iesambi","tag-passeio-a-cidade-maravilhosa","tag-registro-de-capoeira-mestre-polemico-professor-joao-couto-teixeira","tag-registro-de-estrela-dalva-artista-plastica-e-cineasta-salete-libardoni","tag-registro-de-xico-francisco-de-assis-couto-teixeira","tag-rio-de-janeiro-rj","tag-seja-membro-deste-canal-e-ganhe-beneficios-https-www-youtube-com-channel-uce6hra5y_vz4-hgw8fg13aw-join","tag-terca-feira-domingo-04-09-de-julho-de-2023","tag-universidade-livre-de-estudos-culturais-da-capoeira-universidade-da-capoeira-unicapoeira","tag-xico-francisco-de-assis-couto-teixeira-2","post_format-post-format-video"],"_links":{"self":[{"href":"https:\/\/universidadedacapoeira.com\/index.php\/wp-json\/wp\/v2\/posts\/7886","targetHints":{"allow":["GET"]}}],"collection":[{"href":"https:\/\/universidadedacapoeira.com\/index.php\/wp-json\/wp\/v2\/posts"}],"about":[{"href":"https:\/\/universidadedacapoeira.com\/index.php\/wp-json\/wp\/v2\/types\/post"}],"author":[{"embeddable":true,"href":"https:\/\/universidadedacapoeira.com\/index.php\/wp-json\/wp\/v2\/users\/2"}],"replies":[{"embeddable":true,"href":"https:\/\/universidadedacapoeira.com\/index.php\/wp-json\/wp\/v2\/comments?post=7886"}],"version-history":[{"count":1,"href":"https:\/\/universidadedacapoeira.com\/index.php\/wp-json\/wp\/v2\/posts\/7886\/revisions"}],"predecessor-version":[{"id":7888,"href":"https:\/\/universidadedacapoeira.com\/index.php\/wp-json\/wp\/v2\/posts\/7886\/revisions\/7888"}],"wp:featuredmedia":[{"embeddable":true,"href":"https:\/\/universidadedacapoeira.com\/index.php\/wp-json\/wp\/v2\/media\/7887"}],"wp:attachment":[{"href":"https:\/\/universidadedacapoeira.com\/index.php\/wp-json\/wp\/v2\/media?parent=7886"}],"wp:term":[{"taxonomy":"category","embeddable":true,"href":"https:\/\/universidadedacapoeira.com\/index.php\/wp-json\/wp\/v2\/categories?post=7886"},{"taxonomy":"post_tag","embeddable":true,"href":"https:\/\/universidadedacapoeira.com\/index.php\/wp-json\/wp\/v2\/tags?post=7886"}],"curies":[{"name":"wp","href":"https:\/\/api.w.org\/{rel}","templated":true}]}}