{"id":7864,"date":"2023-11-25T06:59:25","date_gmt":"2023-11-25T09:59:25","guid":{"rendered":"http:\/\/universidadedacapoeira.com\/?p=7864"},"modified":"2023-11-25T06:59:25","modified_gmt":"2023-11-25T09:59:25","slug":"berimbaus-mestres-bella-e-mandingueiro-toques-sao-bento-pequeno-angola-iuna-mandingueira-e-santa-maria-tiguera-360-juiz-de-fora-img_8803-214-gb-20h38-24jul23","status":"publish","type":"post","link":"https:\/\/universidadedacapoeira.com\/index.php\/2023\/11\/25\/berimbaus-mestres-bella-e-mandingueiro-toques-sao-bento-pequeno-angola-iuna-mandingueira-e-santa-maria-tiguera-360-juiz-de-fora-img_8803-214-gb-20h38-24jul23\/","title":{"rendered":"Berimbaus. Mestre@s Bella e Mandingueiro. Toques S\u00e3o Bento Pequeno, Angola, I\u00fana Mandingueira e Santa Maria. Tig\u00fc\u00e9ra 360, Juiz de Fora. IMG_8803. 2,14 GB. 20h38. 24Jul23."},"content":{"rendered":"\n<figure class=\"wp-block-embed is-type-video is-provider-youtube wp-block-embed-youtube wp-embed-aspect-16-9 wp-has-aspect-ratio\"><div class=\"wp-block-embed__wrapper\">\n<iframe loading=\"lazy\" title=\"UNICAPOEIRA na Escola MEIA LUA: S\u00e3o Bento Pequeno e Mais. Bella e Peter. IMG_8803. 2,14 GB. 24Jul23\" width=\"500\" height=\"281\" src=\"https:\/\/www.youtube.com\/embed\/gxHwrkQukC0?feature=oembed\" frameborder=\"0\" allow=\"accelerometer; autoplay; clipboard-write; encrypted-media; gyroscope; picture-in-picture; web-share\" referrerpolicy=\"strict-origin-when-cross-origin\" allowfullscreen><\/iframe>\n<\/div><\/figure>\n","protected":false},"excerpt":{"rendered":"<p>Orquestra Harm\u00f4nica de Berimbaus. Mestre@s Bella &#8211; Maria Isabel Melotti Xible e Mandingueiro &#8211; Peter Faluhelyi. Toques S\u00e3o Bento Pequeno, Angola, I\u00fana Mandingueira e Santa Maria. Sala de Entrar, Tig\u00fc\u00e9ra 360, Juiz de Fora, Minas Gerais\/MG, Brasil. Registro de Capoeira Mestre Pol\u00eamico &#8211; Professor Jo\u00e3o Couto Teixeira. IMG_8803. 2,14 GB. 20h38. Segunda-feira, 24 de Julho de 2023. HD 1080p.<br \/>\nUniversidade Livre de Estudos Culturais da Capoeira &#8211; Universidade da Capoeira &#8211; UNICAPOEIRA, Instituto de Educa\u00e7\u00e3o Socioambiental &#8211; IESAMBI, Associa\u00e7\u00e3o de Capoeira &#8211; ASCA e Grupo de Capoeira MEIA LUA &#8211; Fundado Ter\u00e7a-feira, 29 de Maio de 1962.<\/p>\n<p>Seja membro deste canal e ganhe benef\u00edcios:<br \/>\nhttps:\/\/www.youtube.com\/channel\/UCE6HrA5Y_VZ4-hgw8FG13aw\/join<\/p>\n","protected":false},"author":2,"featured_media":7865,"comment_status":"open","ping_status":"open","sticky":false,"template":"","format":"video","meta":{"footnotes":""},"categories":[4676],"tags":[3918,6650,2605,43,6114,1742,6649,236,55,6647,237,247,519,119,6651,6483,4320,6648,411],"class_list":["post-7864","post","type-post","status-publish","format-video","has-post-thumbnail","hentry","category-orquestra-harmonica-de-berimbaus","tag-2-14-gb","tag-20h38","tag-associacao-de-capoeira-asca","tag-brasil","tag-grupo-de-capoeira-meia-lua-fundado-terca-feira-29-de-maio-de-1962","tag-hd-1080p","tag-img_8803","tag-instituto-de-educacao-socioambiental-iesambi","tag-juiz-de-fora","tag-mestres-bella-maria-isabel-melotti-xible-e-mandingueiro-peter-faluhelyi","tag-minas-gerais-mg-3","tag-orquestra-harmonica-de-berimbaus","tag-registro-de-capoeira-mestre-polemico-professor-joao-couto-teixeira","tag-sala-de-entrar","tag-segunda-feira-24-de-julho-de-2023","tag-seja-membro-deste-canal-e-ganhe-beneficios-https-www-youtube-com-channel-uce6hra5y_vz4-hgw8fg13aw-join","tag-tiguera-360-2","tag-toques-sao-bento-pequeno-angola-iuna-mandingueira-e-santa-maria","tag-universidade-livre-de-estudos-culturais-da-capoeira-universidade-da-capoeira-unicapoeira","post_format-post-format-video"],"_links":{"self":[{"href":"https:\/\/universidadedacapoeira.com\/index.php\/wp-json\/wp\/v2\/posts\/7864","targetHints":{"allow":["GET"]}}],"collection":[{"href":"https:\/\/universidadedacapoeira.com\/index.php\/wp-json\/wp\/v2\/posts"}],"about":[{"href":"https:\/\/universidadedacapoeira.com\/index.php\/wp-json\/wp\/v2\/types\/post"}],"author":[{"embeddable":true,"href":"https:\/\/universidadedacapoeira.com\/index.php\/wp-json\/wp\/v2\/users\/2"}],"replies":[{"embeddable":true,"href":"https:\/\/universidadedacapoeira.com\/index.php\/wp-json\/wp\/v2\/comments?post=7864"}],"version-history":[{"count":1,"href":"https:\/\/universidadedacapoeira.com\/index.php\/wp-json\/wp\/v2\/posts\/7864\/revisions"}],"predecessor-version":[{"id":7866,"href":"https:\/\/universidadedacapoeira.com\/index.php\/wp-json\/wp\/v2\/posts\/7864\/revisions\/7866"}],"wp:featuredmedia":[{"embeddable":true,"href":"https:\/\/universidadedacapoeira.com\/index.php\/wp-json\/wp\/v2\/media\/7865"}],"wp:attachment":[{"href":"https:\/\/universidadedacapoeira.com\/index.php\/wp-json\/wp\/v2\/media?parent=7864"}],"wp:term":[{"taxonomy":"category","embeddable":true,"href":"https:\/\/universidadedacapoeira.com\/index.php\/wp-json\/wp\/v2\/categories?post=7864"},{"taxonomy":"post_tag","embeddable":true,"href":"https:\/\/universidadedacapoeira.com\/index.php\/wp-json\/wp\/v2\/tags?post=7864"}],"curies":[{"name":"wp","href":"https:\/\/api.w.org\/{rel}","templated":true}]}}